{"id":424,"date":"2007-09-14T23:15:52","date_gmt":"2007-09-14T21:15:52","guid":{"rendered":"http:\/\/www.anthealein.de\/?p=424"},"modified":"2007-09-14T23:15:52","modified_gmt":"2007-09-14T21:15:52","slug":"ikeaaaaaaaa-ich-komme","status":"publish","type":"post","link":"http:\/\/www.anthealein.de\/?p=424","title":{"rendered":"IKEAAAAAAAA, ich komme :)"},"content":{"rendered":"<p>Einmal &#8211; ein einziges Mal &#8211; im Jahr fahren wir zu Ikea. Meistens im November, aber dieses Jahr hab ich spontan f\u00fcr morgen Urlaub eingereicht und wir werden uns morgen vormittag in den samst\u00e4glichen IKEA-Stau begeben. Und wie jedes Jahr werden wir wahrscheinlich den Laden wieder mit nicht mehr als einer Klobrille verlassen. Ach halt, f\u00fcr eine Arbeitskollegin soll ich noch einen Zahnb\u00fcrstenhalter mitbringen, der so \u00e4hnlich wie ein Schirmst\u00e4nder aussieht.<\/p>\n<p>Eigentlich k\u00f6nnte man sich den Weg ja sparen, aber das Schn\u00fcstern macht bei IKEA jedes Jahr aufs Neue Spa\u00df und auf dem R\u00fcckweg ist ein Zwischenstop bei Br\u00fcderchen geplant, der morgen Einweihungsfeier und Geburtstag feiert.\u00a0 Mal sehen wie lange Jana durchh\u00e4lt, ich geb die Hoffnung ja nicht auf, das sie bei Br\u00fcderchen auf der Couch pennen mag *tr\u00e4um*.<\/p>\n<p>Die letzten Tage waren ruhig, nur ist Jana partout und absolut der Meinung, in Mamas Bauch w\u00e4re ein Baby und w\u00fcrde jeden Moment schl\u00fcpfen (Danke Valeska :wallbash_tb:) und erz\u00e4hlt das auch noch flei\u00dfig Gott und der Welt :shock_tb:. Kann peinliche Situationen ergeben *lach*&#8230;<\/p>\n<p align=\"center\">Ich hab Seite 17 gescrappt, hatte keine Lust auf Seite 4:<br \/>\n<img decoding=\"async\" src=\"http:\/\/www.anthealein.de\/wp-content\/uploads\/2007\/09\/page17.jpg\" alt=\"page17.jpg\" \/><br \/>\nCredits: <a target=\"_blank\" href=\"http:\/\/www.scrapartist.com\/gallery\/showphoto.php?photo=53537&amp;nocache=1\">hier<\/a><\/p>\n","protected":false},"excerpt":{"rendered":"<p>Einmal &#8211; ein einziges Mal &#8211; im Jahr fahren wir zu Ikea. Meistens im November, aber dieses Jahr hab ich spontan f\u00fcr morgen Urlaub eingereicht und wir werden uns morgen vormittag in den samst\u00e4glichen IKEA-Stau begeben. Und wie jedes Jahr werden wir wahrscheinlich den Laden wieder mit nicht mehr als einer Klobrille verlassen. Ach halt, [&hellip;]<\/p>\n","protected":false},"author":1,"featured_media":0,"comment_status":"open","ping_status":"open","sticky":false,"template":"","format":"standard","meta":{"footnotes":""},"categories":[3,4],"tags":[],"class_list":["post-424","post","type-post","status-publish","format-standard","hentry","category-alles-mogliche","category-scraps-und-co"],"_links":{"self":[{"href":"http:\/\/www.anthealein.de\/index.php?rest_route=\/wp\/v2\/posts\/424","targetHints":{"allow":["GET"]}}],"collection":[{"href":"http:\/\/www.anthealein.de\/index.php?rest_route=\/wp\/v2\/posts"}],"about":[{"href":"http:\/\/www.anthealein.de\/index.php?rest_route=\/wp\/v2\/types\/post"}],"author":[{"embeddable":true,"href":"http:\/\/www.anthealein.de\/index.php?rest_route=\/wp\/v2\/users\/1"}],"replies":[{"embeddable":true,"href":"http:\/\/www.anthealein.de\/index.php?rest_route=%2Fwp%2Fv2%2Fcomments&post=424"}],"version-history":[{"count":0,"href":"http:\/\/www.anthealein.de\/index.php?rest_route=\/wp\/v2\/posts\/424\/revisions"}],"wp:attachment":[{"href":"http:\/\/www.anthealein.de\/index.php?rest_route=%2Fwp%2Fv2%2Fmedia&parent=424"}],"wp:term":[{"taxonomy":"category","embeddable":true,"href":"http:\/\/www.anthealein.de\/index.php?rest_route=%2Fwp%2Fv2%2Fcategories&post=424"},{"taxonomy":"post_tag","embeddable":true,"href":"http:\/\/www.anthealein.de\/index.php?rest_route=%2Fwp%2Fv2%2Ftags&post=424"}],"curies":[{"name":"wp","href":"https:\/\/api.w.org\/{rel}","templated":true}]}}