{"id":4145,"date":"2011-05-01T20:32:56","date_gmt":"2011-05-01T19:32:56","guid":{"rendered":"http:\/\/www.anthealein.de\/?p=4145"},"modified":"2011-05-01T20:33:17","modified_gmt":"2011-05-01T19:33:17","slug":"von-hinten","status":"publish","type":"post","link":"http:\/\/www.anthealein.de\/?p=4145","title":{"rendered":"Von hinten &hellip;"},"content":{"rendered":"<p>\u2026 hat Lena heute mal wieder das Pferd aufgez\u00e4umt. <\/p>\n<p>Heute morgen haben wir in Ruhe gefr\u00fchst\u00fcckt und w\u00e4hrend ich danach hier Klarschiff machte, gingen Chris und die Kinder in den Garagenhof. Lena war ja schon l\u00e4nger am nerven und hat immer versucht auf Janas Fahrrad zu steigen, also hat Chris ihr heute einfach das ganz kleine Fahrrad fit gemacht mit Sattel runter und St\u00fctzr\u00e4dern wieder dran. Und wie sollte es anders sein? Mein nicht Bobbycar oder Dreirad fahren k\u00f6nnendes Kind, flitzte auf dem Fahrrad rum. Und konnte danach auch endlich Dreirad fahren *lach*. <\/p>\n<p>&#160;<\/p>\n<p align=\"center\"><a href=\"http:\/\/www.anthealein.de\/wp-content\/uploads\/2011\/05\/01052011.jpg\"><img loading=\"lazy\" decoding=\"async\" style=\"background-image: none; border-bottom: 0px; border-left: 0px; padding-left: 0px; padding-right: 0px; display: inline; border-top: 0px; border-right: 0px; padding-top: 0px\" title=\"01052011\" border=\"0\" alt=\"01052011\" src=\"http:\/\/www.anthealein.de\/wp-content\/uploads\/2011\/05\/01052011_thumb.jpg\" width=\"504\" height=\"504\" \/><\/a><\/p>\n<p align=\"center\">&#160;<\/p>\n<p align=\"center\"><a href=\"http:\/\/www.anthealein.de\/wp-content\/uploads\/2011\/05\/01052011II.jpg\"><img loading=\"lazy\" decoding=\"async\" style=\"background-image: none; border-bottom: 0px; border-left: 0px; padding-left: 0px; padding-right: 0px; display: inline; border-top: 0px; border-right: 0px; padding-top: 0px\" title=\"01052011II\" border=\"0\" alt=\"01052011II\" src=\"http:\/\/www.anthealein.de\/wp-content\/uploads\/2011\/05\/01052011II_thumb.jpg\" width=\"504\" height=\"504\" \/><\/a><\/p>\n","protected":false},"excerpt":{"rendered":"<p>\u2026 hat Lena heute mal wieder das Pferd aufgez\u00e4umt. Heute morgen haben wir in Ruhe gefr\u00fchst\u00fcckt und w\u00e4hrend ich danach hier Klarschiff machte, gingen Chris und die Kinder in den Garagenhof. Lena war ja schon l\u00e4nger am nerven und hat immer versucht auf Janas Fahrrad zu steigen, also hat Chris ihr heute einfach das ganz [&hellip;]<\/p>\n","protected":false},"author":1,"featured_media":0,"comment_status":"open","ping_status":"open","sticky":false,"template":"","format":"standard","meta":{"footnotes":""},"categories":[3],"tags":[],"class_list":["post-4145","post","type-post","status-publish","format-standard","hentry","category-alles-mogliche"],"_links":{"self":[{"href":"http:\/\/www.anthealein.de\/index.php?rest_route=\/wp\/v2\/posts\/4145","targetHints":{"allow":["GET"]}}],"collection":[{"href":"http:\/\/www.anthealein.de\/index.php?rest_route=\/wp\/v2\/posts"}],"about":[{"href":"http:\/\/www.anthealein.de\/index.php?rest_route=\/wp\/v2\/types\/post"}],"author":[{"embeddable":true,"href":"http:\/\/www.anthealein.de\/index.php?rest_route=\/wp\/v2\/users\/1"}],"replies":[{"embeddable":true,"href":"http:\/\/www.anthealein.de\/index.php?rest_route=%2Fwp%2Fv2%2Fcomments&post=4145"}],"version-history":[{"count":1,"href":"http:\/\/www.anthealein.de\/index.php?rest_route=\/wp\/v2\/posts\/4145\/revisions"}],"predecessor-version":[{"id":4146,"href":"http:\/\/www.anthealein.de\/index.php?rest_route=\/wp\/v2\/posts\/4145\/revisions\/4146"}],"wp:attachment":[{"href":"http:\/\/www.anthealein.de\/index.php?rest_route=%2Fwp%2Fv2%2Fmedia&parent=4145"}],"wp:term":[{"taxonomy":"category","embeddable":true,"href":"http:\/\/www.anthealein.de\/index.php?rest_route=%2Fwp%2Fv2%2Fcategories&post=4145"},{"taxonomy":"post_tag","embeddable":true,"href":"http:\/\/www.anthealein.de\/index.php?rest_route=%2Fwp%2Fv2%2Ftags&post=4145"}],"curies":[{"name":"wp","href":"https:\/\/api.w.org\/{rel}","templated":true}]}}