{"id":4134,"date":"2011-04-29T22:36:34","date_gmt":"2011-04-29T21:36:34","guid":{"rendered":"http:\/\/www.anthealein.de\/?p=4134"},"modified":"2011-04-29T22:36:54","modified_gmt":"2011-04-29T21:36:54","slug":"mde-bin-ich","status":"publish","type":"post","link":"http:\/\/www.anthealein.de\/?p=4134","title":{"rendered":"M&uuml;de bin ich &hellip;"},"content":{"rendered":"<p>\u2026 nach einem langen Abend mit 3 quirligen Kindern. <\/p>\n<p>Heute Vormittag gearbeitet, um halb 3 Uhr dann nach Hause und mit Kind und Kegel Fahrrad kaufen gefahren (f\u00fcr Jana). Kaum zu Hause wurde Anna schon von ihrer Oma gebracht und kurz vor 18 Uhr machten wir uns mit Kerstin auf den Weg, um vor dem K\u00fcstenmuseum noch Tanja und Michelle aufzugabeln.<\/p>\n<p>&#160;<\/p>\n<p align=\"center\"><a href=\"http:\/\/www.anthealein.de\/wp-content\/uploads\/2011\/04\/29042011.jpg\"><img loading=\"lazy\" decoding=\"async\" style=\"background-image: none; border-bottom: 0px; border-left: 0px; padding-left: 0px; padding-right: 0px; display: inline; border-top: 0px; border-right: 0px; padding-top: 0px\" title=\"29042011\" border=\"0\" alt=\"29042011\" src=\"http:\/\/www.anthealein.de\/wp-content\/uploads\/2011\/04\/29042011_thumb.jpg\" width=\"504\" height=\"504\" \/><\/a><\/p>\n<p align=\"center\">&#160;<\/p>\n<p align=\"center\"><a href=\"http:\/\/www.anthealein.de\/wp-content\/uploads\/2011\/04\/29042011II.jpg\"><img loading=\"lazy\" decoding=\"async\" style=\"background-image: none; border-bottom: 0px; border-left: 0px; padding-left: 0px; padding-right: 0px; display: inline; border-top: 0px; border-right: 0px; padding-top: 0px\" title=\"29042011II\" border=\"0\" alt=\"29042011II\" src=\"http:\/\/www.anthealein.de\/wp-content\/uploads\/2011\/04\/29042011II_thumb.jpg\" width=\"504\" height=\"504\" \/><\/a><\/p>\n<p align=\"center\">&#160;<\/p>\n<p align=\"center\"><a href=\"http:\/\/www.anthealein.de\/wp-content\/uploads\/2011\/04\/29042011III.jpg\"><img loading=\"lazy\" decoding=\"async\" style=\"background-image: none; border-bottom: 0px; border-left: 0px; padding-left: 0px; padding-right: 0px; display: inline; border-top: 0px; border-right: 0px; padding-top: 0px\" title=\"29042011III\" border=\"0\" alt=\"29042011III\" src=\"http:\/\/www.anthealein.de\/wp-content\/uploads\/2011\/04\/29042011III_thumb.jpg\" width=\"504\" height=\"504\" \/><\/a>    <br \/>Auf geht\u2019s in das K\u00fcstenmuseum<\/p>\n<p align=\"center\">&#160;<\/p>\n<p align=\"center\"><a href=\"http:\/\/www.anthealein.de\/wp-content\/uploads\/2011\/04\/29042011IV.jpg\"><img loading=\"lazy\" decoding=\"async\" style=\"background-image: none; border-bottom: 0px; border-left: 0px; padding-left: 0px; padding-right: 0px; display: inline; border-top: 0px; border-right: 0px; padding-top: 0px\" title=\"29042011IV\" border=\"0\" alt=\"29042011IV\" src=\"http:\/\/www.anthealein.de\/wp-content\/uploads\/2011\/04\/29042011IV_thumb.jpg\" width=\"504\" height=\"504\" \/><\/a>    <br \/>Armb\u00e4nder flechten<\/p>\n<p align=\"center\">&#160;<\/p>\n<p align=\"center\"><a href=\"http:\/\/www.anthealein.de\/wp-content\/uploads\/2011\/04\/29042011V.jpg\"><img loading=\"lazy\" decoding=\"async\" style=\"background-image: none; border-bottom: 0px; border-left: 0px; padding-left: 0px; padding-right: 0px; display: inline; border-top: 0px; border-right: 0px; padding-top: 0px\" title=\"29042011V\" border=\"0\" alt=\"29042011V\" src=\"http:\/\/www.anthealein.de\/wp-content\/uploads\/2011\/04\/29042011V_thumb.jpg\" width=\"504\" height=\"504\" \/><\/a>    <br \/>Lebendes Standbild von Schauspielern der Landesb\u00fchne gestellt. Davon gab es zwei verschiedene Bilder.<\/p>\n<p align=\"center\">&#160;<\/p>\n<p align=\"center\"><a href=\"http:\/\/www.anthealein.de\/wp-content\/uploads\/2011\/04\/29042011VI.jpg\"><img loading=\"lazy\" decoding=\"async\" style=\"background-image: none; border-bottom: 0px; border-left: 0px; padding-left: 0px; padding-right: 0px; display: inline; border-top: 0px; border-right: 0px; padding-top: 0px\" title=\"29042011VI\" border=\"0\" alt=\"29042011VI\" src=\"http:\/\/www.anthealein.de\/wp-content\/uploads\/2011\/04\/29042011VI_thumb.jpg\" width=\"504\" height=\"504\" \/><\/a>    <br \/>Essenspause \u2013 immer noch im K\u00fcstenmuseum<\/p>\n<p align=\"center\">&#160;<\/p>\n<p align=\"center\"><a href=\"http:\/\/www.anthealein.de\/wp-content\/uploads\/2011\/04\/29042011VII.jpg\"><img loading=\"lazy\" decoding=\"async\" style=\"background-image: none; border-bottom: 0px; border-left: 0px; padding-left: 0px; padding-right: 0px; display: inline; border-top: 0px; border-right: 0px; padding-top: 0px\" title=\"29042011VII\" border=\"0\" alt=\"29042011VII\" src=\"http:\/\/www.anthealein.de\/wp-content\/uploads\/2011\/04\/29042011VII_thumb.jpg\" width=\"504\" height=\"504\" \/><\/a><\/p>\n<p align=\"center\">&#160;<\/p>\n<p align=\"center\"><a href=\"http:\/\/www.anthealein.de\/wp-content\/uploads\/2011\/04\/29042011VIII.jpg\"><img loading=\"lazy\" decoding=\"async\" style=\"background-image: none; border-bottom: 0px; border-left: 0px; padding-left: 0px; padding-right: 0px; display: inline; border-top: 0px; border-right: 0px; padding-top: 0px\" title=\"29042011VIII\" border=\"0\" alt=\"29042011VIII\" src=\"http:\/\/www.anthealein.de\/wp-content\/uploads\/2011\/04\/29042011VIII_thumb.jpg\" width=\"504\" height=\"504\" \/><\/a>    <br \/>Die Fahrt mit dem Bus dauerte ewig, aber wenigstens hatten wir einen lustigen Busfahrer. Im Hintergrund die zum Teil verh\u00fcllte Kaiser-Wilhelm-Br\u00fccke. Wenn die nicht gesperrt w\u00e4re, w\u00e4ren wir deutlich schneller dr\u00fcben gewesen.<\/p>\n<p align=\"justify\">Im Wattenmeerhaus durften die Kinder mit Farben experimentieren und Mikroskopieren. Und zum guten Schluss waren wir im Aquarium, wo ich mal wieder Heuschreckenkuscheln durfte *lach*. N\u00e4chstes Jahr werden wir im Aquarium anfangen und das K\u00fcstenmuseum zum Schluss machen. Dort bleiben die Kinder eindeutig am l\u00e4ngsten und von dort ist der Weg nach Hause auch am k\u00fcrzesten. <\/p>\n<p align=\"justify\">&#160;<\/p>\n<p align=\"justify\">Mein Spruch des Tages (2 Kinder. Der Junge ca. 9, das M\u00e4del ca. 6. Das M\u00e4dchen versucht unsere B\u00fcchereit\u00fcr aufzudr\u00fccken, der Junge kommt dazu): \u201cMan, bist du bl\u00f6d. Da ist 1. ein Henkel (!!!) und 2. steht da ziehen dran!!!\u201d <\/p>\n","protected":false},"excerpt":{"rendered":"<p>\u2026 nach einem langen Abend mit 3 quirligen Kindern. Heute Vormittag gearbeitet, um halb 3 Uhr dann nach Hause und mit Kind und Kegel Fahrrad kaufen gefahren (f\u00fcr Jana). Kaum zu Hause wurde Anna schon von ihrer Oma gebracht und kurz vor 18 Uhr machten wir uns mit Kerstin auf den Weg, um vor dem [&hellip;]<\/p>\n","protected":false},"author":1,"featured_media":0,"comment_status":"open","ping_status":"open","sticky":false,"template":"","format":"standard","meta":{"footnotes":""},"categories":[3],"tags":[],"class_list":["post-4134","post","type-post","status-publish","format-standard","hentry","category-alles-mogliche"],"_links":{"self":[{"href":"http:\/\/www.anthealein.de\/index.php?rest_route=\/wp\/v2\/posts\/4134","targetHints":{"allow":["GET"]}}],"collection":[{"href":"http:\/\/www.anthealein.de\/index.php?rest_route=\/wp\/v2\/posts"}],"about":[{"href":"http:\/\/www.anthealein.de\/index.php?rest_route=\/wp\/v2\/types\/post"}],"author":[{"embeddable":true,"href":"http:\/\/www.anthealein.de\/index.php?rest_route=\/wp\/v2\/users\/1"}],"replies":[{"embeddable":true,"href":"http:\/\/www.anthealein.de\/index.php?rest_route=%2Fwp%2Fv2%2Fcomments&post=4134"}],"version-history":[{"count":1,"href":"http:\/\/www.anthealein.de\/index.php?rest_route=\/wp\/v2\/posts\/4134\/revisions"}],"predecessor-version":[{"id":4135,"href":"http:\/\/www.anthealein.de\/index.php?rest_route=\/wp\/v2\/posts\/4134\/revisions\/4135"}],"wp:attachment":[{"href":"http:\/\/www.anthealein.de\/index.php?rest_route=%2Fwp%2Fv2%2Fmedia&parent=4134"}],"wp:term":[{"taxonomy":"category","embeddable":true,"href":"http:\/\/www.anthealein.de\/index.php?rest_route=%2Fwp%2Fv2%2Fcategories&post=4134"},{"taxonomy":"post_tag","embeddable":true,"href":"http:\/\/www.anthealein.de\/index.php?rest_route=%2Fwp%2Fv2%2Ftags&post=4134"}],"curies":[{"name":"wp","href":"https:\/\/api.w.org\/{rel}","templated":true}]}}