{"id":3921,"date":"2011-04-14T20:55:03","date_gmt":"2011-04-14T19:55:03","guid":{"rendered":"http:\/\/www.anthealein.de\/?p=3921"},"modified":"2011-04-14T20:55:03","modified_gmt":"2011-04-14T19:55:03","slug":"bh-2","status":"publish","type":"post","link":"http:\/\/www.anthealein.de\/?p=3921","title":{"rendered":"B&auml;&auml;&auml;&auml;&auml;&auml;&auml;&auml;&auml;&auml;h"},"content":{"rendered":"<p align=\"justify\">Heute war\/ist ein B\u00e4h-Tag. Bis Mittags noch alles in Ordnung, aber dann: Lena, die Sanne noch bei der Verabschiedung doll dr\u00fcckte und ihr \u201cDaaaaaaanke Susi, f\u00fcr den sch\u00f6nen Morgen\u201d ins Ohr s\u00e4uselte, w\u00e4hrend sie hier zu Hause dann Teufelchen in Person war. Dicht gefolgt von Jana, die heute grunds\u00e4tzlich Oropax in den Ohren hatte wenn ich sie ansprach und\/oder den Zicken-N\u00f6ll-Jammer-Ton am Leib. Heute Nachmittag klang es zigmal \u201cNeeeeiheeeeeiiiiiin Lena\u201d gejault durch die Wohnung in einer Tonlage und Lautst\u00e4rke, das sich meine Nackenhaare str\u00e4ubten. Brrrrrrrrrr. <\/p>\n<p align=\"justify\">Das einzig \u201cPositive\u201d: still und heimlich hatte ich ja schon fast bef\u00fcrchtet, mein Langzeit-EKG einen Tag zu tragen ohne auch nur einmal Herzrasen oder \u00c4hnliches zu haben. Aber mein Herz ist brav und zeigt sich heute von seiner schlechtesten Seite *g*. <\/p>\n<p align=\"center\">&#160;<\/p>\n<p align=\"center\"><a href=\"http:\/\/www.anthealein.de\/wp-content\/uploads\/2011\/04\/14042011.jpg\"><img loading=\"lazy\" decoding=\"async\" style=\"background-image: none; border-bottom: 0px; border-left: 0px; padding-left: 0px; padding-right: 0px; display: inline; border-top: 0px; border-right: 0px; padding-top: 0px\" title=\"14042011\" border=\"0\" alt=\"14042011\" src=\"http:\/\/www.anthealein.de\/wp-content\/uploads\/2011\/04\/14042011_thumb.jpg\" width=\"504\" height=\"504\" \/><\/a><\/p>\n<p align=\"center\">&#160;<\/p>\n<p align=\"center\"><a href=\"http:\/\/www.anthealein.de\/wp-content\/uploads\/2011\/04\/14042011II.jpg\"><img loading=\"lazy\" decoding=\"async\" style=\"background-image: none; border-bottom: 0px; border-left: 0px; padding-left: 0px; padding-right: 0px; display: inline; border-top: 0px; border-right: 0px; padding-top: 0px\" title=\"14042011II\" border=\"0\" alt=\"14042011II\" src=\"http:\/\/www.anthealein.de\/wp-content\/uploads\/2011\/04\/14042011II_thumb.jpg\" width=\"504\" height=\"504\" \/><\/a>    <br \/>Ha, doch was von Opa und Papa geerbt: den Zinken *g*<\/p>\n","protected":false},"excerpt":{"rendered":"<p>Heute war\/ist ein B\u00e4h-Tag. Bis Mittags noch alles in Ordnung, aber dann: Lena, die Sanne noch bei der Verabschiedung doll dr\u00fcckte und ihr \u201cDaaaaaaanke Susi, f\u00fcr den sch\u00f6nen Morgen\u201d ins Ohr s\u00e4uselte, w\u00e4hrend sie hier zu Hause dann Teufelchen in Person war. Dicht gefolgt von Jana, die heute grunds\u00e4tzlich Oropax in den Ohren hatte wenn [&hellip;]<\/p>\n","protected":false},"author":1,"featured_media":0,"comment_status":"open","ping_status":"open","sticky":false,"template":"","format":"standard","meta":{"footnotes":""},"categories":[3],"tags":[],"class_list":["post-3921","post","type-post","status-publish","format-standard","hentry","category-alles-mogliche"],"_links":{"self":[{"href":"http:\/\/www.anthealein.de\/index.php?rest_route=\/wp\/v2\/posts\/3921","targetHints":{"allow":["GET"]}}],"collection":[{"href":"http:\/\/www.anthealein.de\/index.php?rest_route=\/wp\/v2\/posts"}],"about":[{"href":"http:\/\/www.anthealein.de\/index.php?rest_route=\/wp\/v2\/types\/post"}],"author":[{"embeddable":true,"href":"http:\/\/www.anthealein.de\/index.php?rest_route=\/wp\/v2\/users\/1"}],"replies":[{"embeddable":true,"href":"http:\/\/www.anthealein.de\/index.php?rest_route=%2Fwp%2Fv2%2Fcomments&post=3921"}],"version-history":[{"count":0,"href":"http:\/\/www.anthealein.de\/index.php?rest_route=\/wp\/v2\/posts\/3921\/revisions"}],"wp:attachment":[{"href":"http:\/\/www.anthealein.de\/index.php?rest_route=%2Fwp%2Fv2%2Fmedia&parent=3921"}],"wp:term":[{"taxonomy":"category","embeddable":true,"href":"http:\/\/www.anthealein.de\/index.php?rest_route=%2Fwp%2Fv2%2Fcategories&post=3921"},{"taxonomy":"post_tag","embeddable":true,"href":"http:\/\/www.anthealein.de\/index.php?rest_route=%2Fwp%2Fv2%2Ftags&post=3921"}],"curies":[{"name":"wp","href":"https:\/\/api.w.org\/{rel}","templated":true}]}}