{"id":3878,"date":"2011-04-07T21:05:17","date_gmt":"2011-04-07T20:05:17","guid":{"rendered":"http:\/\/www.anthealein.de\/?p=3878"},"modified":"2011-04-07T21:05:17","modified_gmt":"2011-04-07T20:05:17","slug":"besuch-weg","status":"publish","type":"post","link":"http:\/\/www.anthealein.de\/?p=3878","title":{"rendered":"Besuch weg"},"content":{"rendered":"<p align=\"justify\">Nu hab ich auch Zeit. Ich wei\u00df zwar immer noch nicht, was ich gestern eigentlich posten wollte, aber heute war hier auch genug. Morgens arbeiten wie immer, Mittags dann Lena bei Sanne abgeholt und den ganzen Weg nach Hause (bis in den Wohnungsflur) ein br\u00fcllendes Kind gehabt, das \u201cAuuuuuuuuuf\u201d (Gurt) und \u201cdu mich zur\u00fcck zu Sanne fahren!!!\u201d verlangte. Kaum zu Hause, war Sanne vergessen, daf\u00fcr wurde Jana angezickt und mit ihr herumgetobt. Jana wurde dann um kurz vor 15 Uhr von Anna\u2019s Oma + Opa abgeholt. Zusammen haben die 3 Anna von der Schule geholt und ab ging es mit den Kindern zum Rummel, wo Jana auch 14 Euro auf den Kopf haute. <\/p>\n<p align=\"justify\">Ich bin derweil mit Lena Einkaufen gefahren und dann zu meiner \u00c4rztin. Nach einiger Wartezeit \u2013 die Lena mal wieder mit Leute unterhalten und kennenlernen einer gro\u00dfen Lena verbrachte \u2013 kurz rein. Erz\u00e4hlt und ab zum EKG, das nat\u00fcrlich wie immer wenn das auf Befehl gemacht wird, wunderbar war. N\u00e4chste Woche Donnerstag darf ich mir dann mein Langzeit-EKG abholen und Freitag wieder abgeben. Irgendwas muss an dieser Arztpraxis sein, weil Lena mal wieder nur Bl\u00f6dsinn im Kopf hatte. Andererseits hatte sie das eigentlich den ganzen Nachmittag. Still gestanden hat ihr Mund nicht eine Minute am St\u00fcck, die gro\u00dfe und schwere Haust\u00fcr unten bekommt sie jetzt auch auf (und hat das hartn\u00e4ckig \u00fcber eine halbe Stunde ge\u00fcbt) und auch zu Hause war genug Zeit, Bl\u00f6dsinn zu bauen. <\/p>\n<p align=\"justify\">Ach ja, Oma: ich schmei\u00dfe jetzt nicht mehr nur Toastbrote, sondern auch (leere!) Tupperflaschen *lach*. Aber nicht \u201cimmer\u201d wie Jana so gerne \u00fcbertreibt (eindeutiges Papa-Erbe) <img decoding=\"async\" style=\"border-bottom-style: none; border-right-style: none; border-top-style: none; border-left-style: none\" class=\"wlEmoticon wlEmoticon-smile\" alt=\"Smiley\" src=\"http:\/\/www.anthealein.de\/wp-content\/uploads\/2011\/04\/wlEmoticon-smile1.png\" \/>.<\/p>\n","protected":false},"excerpt":{"rendered":"<p>Nu hab ich auch Zeit. Ich wei\u00df zwar immer noch nicht, was ich gestern eigentlich posten wollte, aber heute war hier auch genug. Morgens arbeiten wie immer, Mittags dann Lena bei Sanne abgeholt und den ganzen Weg nach Hause (bis in den Wohnungsflur) ein br\u00fcllendes Kind gehabt, das \u201cAuuuuuuuuuf\u201d (Gurt) und \u201cdu mich zur\u00fcck zu [&hellip;]<\/p>\n","protected":false},"author":1,"featured_media":0,"comment_status":"open","ping_status":"open","sticky":false,"template":"","format":"standard","meta":{"footnotes":""},"categories":[3],"tags":[],"class_list":["post-3878","post","type-post","status-publish","format-standard","hentry","category-alles-mogliche"],"_links":{"self":[{"href":"http:\/\/www.anthealein.de\/index.php?rest_route=\/wp\/v2\/posts\/3878","targetHints":{"allow":["GET"]}}],"collection":[{"href":"http:\/\/www.anthealein.de\/index.php?rest_route=\/wp\/v2\/posts"}],"about":[{"href":"http:\/\/www.anthealein.de\/index.php?rest_route=\/wp\/v2\/types\/post"}],"author":[{"embeddable":true,"href":"http:\/\/www.anthealein.de\/index.php?rest_route=\/wp\/v2\/users\/1"}],"replies":[{"embeddable":true,"href":"http:\/\/www.anthealein.de\/index.php?rest_route=%2Fwp%2Fv2%2Fcomments&post=3878"}],"version-history":[{"count":0,"href":"http:\/\/www.anthealein.de\/index.php?rest_route=\/wp\/v2\/posts\/3878\/revisions"}],"wp:attachment":[{"href":"http:\/\/www.anthealein.de\/index.php?rest_route=%2Fwp%2Fv2%2Fmedia&parent=3878"}],"wp:term":[{"taxonomy":"category","embeddable":true,"href":"http:\/\/www.anthealein.de\/index.php?rest_route=%2Fwp%2Fv2%2Fcategories&post=3878"},{"taxonomy":"post_tag","embeddable":true,"href":"http:\/\/www.anthealein.de\/index.php?rest_route=%2Fwp%2Fv2%2Ftags&post=3878"}],"curies":[{"name":"wp","href":"https:\/\/api.w.org\/{rel}","templated":true}]}}