{"id":3863,"date":"2011-04-06T19:57:45","date_gmt":"2011-04-06T18:57:45","guid":{"rendered":"http:\/\/www.anthealein.de\/?p=3863"},"modified":"2011-04-06T20:20:19","modified_gmt":"2011-04-06T19:20:19","slug":"3863","status":"publish","type":"post","link":"http:\/\/www.anthealein.de\/?p=3863","title":{"rendered":"&hellip;"},"content":{"rendered":"<p align=\"center\"><a href=\"http:\/\/www.anthealein.de\/wp-content\/uploads\/2011\/04\/06042011.jpg\"><img loading=\"lazy\" decoding=\"async\" style=\"background-image: none; border-right-width: 0px; padding-left: 0px; padding-right: 0px; display: inline; border-top-width: 0px; border-bottom-width: 0px; border-left-width: 0px; padding-top: 0px\" title=\"06042011\" border=\"0\" alt=\"06042011\" src=\"http:\/\/www.anthealein.de\/wp-content\/uploads\/2011\/04\/06042011_thumb.jpg\" width=\"504\" height=\"504\" \/><\/a><\/p>\n<p align=\"justify\">Und eigentlich, ja eigentlich: wollte ich was erz\u00e4hlen. Hab ich heute Nachmittag noch dr\u00fcber nachgedacht, hab ich vorhin dr\u00fcber nachgedacht und jedes Mal, wenn ich w\u00e4hrend der letzten Stunde dachte \u201cAch genau\u201d kam aus dem Off (Chris) eine Stimme und fragte mich rhetorische und echte Fragen. <\/p>\n<p align=\"justify\">Eine Sache fiel mir genau jetzt wenigstens wieder ein *g*: Mutter-Tochter-\u00c4hnlichkeiten. Ich war ja der Meinung, Lena w\u00e4re mir \u00e4hnlich. Aber heute hab ich einen Extremfall gesehen. Ein M\u00e4dchen bei Janas Tanzen. Ein (bis auf ein wenig volleres Gesicht) exaktes Ebenbild eines M\u00e4dchens mit dem ich fr\u00fcher Ballett getanzt habe. Da brauch ich nicht mal die Mutter zu sehen, das KANN einfach nur ihre Tochter sein. Jana konnte ich das M\u00e4dchen leider schlecht beschreiben, aber als ich ein altes Ballettfoto z\u00fcckte und ihr das vor die Nase hielt, sagte sie spontan: \u201cKlar, du meinst Nono\u201d (btw., was f\u00fcr ein Name?!). Ich muss das M\u00e4del n\u00e4chstes Mal unbedingt nach dem Namen ihrer Mutter fragen *g*. <\/p>\n","protected":false},"excerpt":{"rendered":"<p>Und eigentlich, ja eigentlich: wollte ich was erz\u00e4hlen. Hab ich heute Nachmittag noch dr\u00fcber nachgedacht, hab ich vorhin dr\u00fcber nachgedacht und jedes Mal, wenn ich w\u00e4hrend der letzten Stunde dachte \u201cAch genau\u201d kam aus dem Off (Chris) eine Stimme und fragte mich rhetorische und echte Fragen. Eine Sache fiel mir genau jetzt wenigstens wieder ein [&hellip;]<\/p>\n","protected":false},"author":1,"featured_media":0,"comment_status":"open","ping_status":"open","sticky":false,"template":"","format":"standard","meta":{"footnotes":""},"categories":[3],"tags":[],"class_list":["post-3863","post","type-post","status-publish","format-standard","hentry","category-alles-mogliche"],"_links":{"self":[{"href":"http:\/\/www.anthealein.de\/index.php?rest_route=\/wp\/v2\/posts\/3863","targetHints":{"allow":["GET"]}}],"collection":[{"href":"http:\/\/www.anthealein.de\/index.php?rest_route=\/wp\/v2\/posts"}],"about":[{"href":"http:\/\/www.anthealein.de\/index.php?rest_route=\/wp\/v2\/types\/post"}],"author":[{"embeddable":true,"href":"http:\/\/www.anthealein.de\/index.php?rest_route=\/wp\/v2\/users\/1"}],"replies":[{"embeddable":true,"href":"http:\/\/www.anthealein.de\/index.php?rest_route=%2Fwp%2Fv2%2Fcomments&post=3863"}],"version-history":[{"count":1,"href":"http:\/\/www.anthealein.de\/index.php?rest_route=\/wp\/v2\/posts\/3863\/revisions"}],"predecessor-version":[{"id":3864,"href":"http:\/\/www.anthealein.de\/index.php?rest_route=\/wp\/v2\/posts\/3863\/revisions\/3864"}],"wp:attachment":[{"href":"http:\/\/www.anthealein.de\/index.php?rest_route=%2Fwp%2Fv2%2Fmedia&parent=3863"}],"wp:term":[{"taxonomy":"category","embeddable":true,"href":"http:\/\/www.anthealein.de\/index.php?rest_route=%2Fwp%2Fv2%2Fcategories&post=3863"},{"taxonomy":"post_tag","embeddable":true,"href":"http:\/\/www.anthealein.de\/index.php?rest_route=%2Fwp%2Fv2%2Ftags&post=3863"}],"curies":[{"name":"wp","href":"https:\/\/api.w.org\/{rel}","templated":true}]}}