{"id":3812,"date":"2011-03-28T19:53:18","date_gmt":"2011-03-28T18:53:18","guid":{"rendered":"http:\/\/www.anthealein.de\/?p=3812"},"modified":"2011-03-28T19:53:18","modified_gmt":"2011-03-28T18:53:18","slug":"irgendwann","status":"publish","type":"post","link":"http:\/\/www.anthealein.de\/?p=3812","title":{"rendered":"Irgendwann &hellip;"},"content":{"rendered":"<p>hatte ich es hier im Blog schon mal nebenbei erw\u00e4hnt, meine ich. Einen Standardsatz meiner Mutter: \u201cIch w\u00fcnsche dir, das du irgendwann mal ein Kind hast, das so ist wie du\u201d. Danke, Mama, danke \u2026<\/p>\n<p>&#160;<\/p>\n<p align=\"center\"><a href=\"http:\/\/www.anthealein.de\/wp-content\/uploads\/2011\/03\/28032011.jpg\"><img loading=\"lazy\" decoding=\"async\" style=\"background-image: none; border-bottom: 0px; border-left: 0px; padding-left: 0px; padding-right: 0px; display: inline; border-top: 0px; border-right: 0px; padding-top: 0px\" title=\"28032011\" border=\"0\" alt=\"28032011\" src=\"http:\/\/www.anthealein.de\/wp-content\/uploads\/2011\/03\/28032011_thumb.jpg\" width=\"504\" height=\"504\" \/><\/a>    <br \/>(Wenigstens hat sie \u2013 anders als ich damals \u2013 nicht Penaten, sondern Nivea genommen *g*)<\/p>\n<p align=\"center\">&#160;<\/p>\n<p align=\"justify\">Morgens fr\u00fch um nicht mal 9 Uhr macht das besonders viel Spa\u00df. Tip: Nivea von Gegenst\u00e4nden wie W\u00e4rmflaschen geht am besten mit kochend hei\u00dfem Wasser und einem Spritzer Sp\u00fcli ab. Flockt dann auch sch\u00f6n. <\/p>\n<p align=\"justify\">Noch mehr Spa\u00df macht so ein fr\u00fcher Morgen, wenn das 1. Kind wieder von Papa nach Hause gebracht wird, weil sie heulend auf dem Schulhof stand. Nachdem Jana die letzten Tage schon krank \u201cgespielt\u201d und \u00fcber Bauchweh geklagt hat, keine gro\u00dfe \u00dcberraschung. Also: Kind 2 sauber gemacht, nebenbei den Kinderarzt angerufen und dann selber krank auch noch dahin gefahren.<\/p>\n<p align=\"justify\">Kind 1 hat einen ausgerenkten Halswirbel (und den wohl schon l\u00e4nger), eiskalte F\u00fc\u00dfe die wir mit Wechselb\u00e4dern ein wenig auf Trab bringen sollen und: magentechnisch null, niente, nada. Bauchwehkrank bei bevorstehenden Sachen kennen wir ja schon, also gebohrt. Morgen ist eine \u00dcberpr\u00fcfung ihres Lehrers, die ihr wohl arg schwer im Magen lag. <\/p>\n<p align=\"justify\">Wieder zu Hause: Kind 2 l\u00e4uft nebenher und auch in den Schnuppergarten, Kind 1 leidet vor sich hin und bekommt mit mir Riesen\u00e4rger, als ich um 16 Uhr spitz bekomme, das sie au\u00dfer einem Milchbr\u00f6tchen und gerade mal 200 ml Apfelsaft den Tag \u00fcber nichts zu sich genommen hat. Als Chris dann kam, auch da noch mal Diskussion und um 19 Uhr irgendwas hatten wir es endlich: Streit mit den Freundinnen war allen Ernstes der Grund f\u00fcr 5 Tage Hungern und kr\u00e4nklich herumh\u00e4ngen shock . Und das nur, weil die Kindergartenzeiten vorbei sind und man halt nicht immer der \u201cBestimmer\u201d sein kann und eine oder zwei Freundinnen mal kein \u201cEntschuldigung\u201d annehmen wollten. <\/p>\n<p align=\"justify\">Na ja, aber wenigstens haben wir den ausgerenkten Halswirbel gefunden. N\u00e4chster Orthop\u00e4dentermin: 5. Mai. N\u00e4chster Termin bei der Osteopathin bei der wir schon mit Lena waren: 20. Juni. Ich versuch morgen dann noch mal eine 2. Osteopathin anzurufen, die hier an 2 Tagen in der Woche praktiziert. <\/p>\n<p align=\"justify\">&#160;<\/p>\n<p align=\"center\"><a href=\"http:\/\/www.anthealein.de\/wp-content\/uploads\/2011\/03\/28032011II.jpg\"><img loading=\"lazy\" decoding=\"async\" style=\"background-image: none; border-bottom: 0px; border-left: 0px; padding-left: 0px; padding-right: 0px; display: inline; border-top: 0px; border-right: 0px; padding-top: 0px\" title=\"28032011II\" border=\"0\" alt=\"28032011II\" src=\"http:\/\/www.anthealein.de\/wp-content\/uploads\/2011\/03\/28032011II_thumb.jpg\" width=\"504\" height=\"504\" \/><\/a><\/p>\n","protected":false},"excerpt":{"rendered":"<p>hatte ich es hier im Blog schon mal nebenbei erw\u00e4hnt, meine ich. Einen Standardsatz meiner Mutter: \u201cIch w\u00fcnsche dir, das du irgendwann mal ein Kind hast, das so ist wie du\u201d. Danke, Mama, danke \u2026 &#160; (Wenigstens hat sie \u2013 anders als ich damals \u2013 nicht Penaten, sondern Nivea genommen *g*) &#160; Morgens fr\u00fch um [&hellip;]<\/p>\n","protected":false},"author":1,"featured_media":0,"comment_status":"open","ping_status":"open","sticky":false,"template":"","format":"standard","meta":{"footnotes":""},"categories":[3],"tags":[],"class_list":["post-3812","post","type-post","status-publish","format-standard","hentry","category-alles-mogliche"],"_links":{"self":[{"href":"http:\/\/www.anthealein.de\/index.php?rest_route=\/wp\/v2\/posts\/3812","targetHints":{"allow":["GET"]}}],"collection":[{"href":"http:\/\/www.anthealein.de\/index.php?rest_route=\/wp\/v2\/posts"}],"about":[{"href":"http:\/\/www.anthealein.de\/index.php?rest_route=\/wp\/v2\/types\/post"}],"author":[{"embeddable":true,"href":"http:\/\/www.anthealein.de\/index.php?rest_route=\/wp\/v2\/users\/1"}],"replies":[{"embeddable":true,"href":"http:\/\/www.anthealein.de\/index.php?rest_route=%2Fwp%2Fv2%2Fcomments&post=3812"}],"version-history":[{"count":0,"href":"http:\/\/www.anthealein.de\/index.php?rest_route=\/wp\/v2\/posts\/3812\/revisions"}],"wp:attachment":[{"href":"http:\/\/www.anthealein.de\/index.php?rest_route=%2Fwp%2Fv2%2Fmedia&parent=3812"}],"wp:term":[{"taxonomy":"category","embeddable":true,"href":"http:\/\/www.anthealein.de\/index.php?rest_route=%2Fwp%2Fv2%2Fcategories&post=3812"},{"taxonomy":"post_tag","embeddable":true,"href":"http:\/\/www.anthealein.de\/index.php?rest_route=%2Fwp%2Fv2%2Ftags&post=3812"}],"curies":[{"name":"wp","href":"https:\/\/api.w.org\/{rel}","templated":true}]}}