{"id":3785,"date":"2011-03-24T21:06:25","date_gmt":"2011-03-24T20:06:25","guid":{"rendered":"http:\/\/www.anthealein.de\/?p=3785"},"modified":"2011-03-24T21:07:13","modified_gmt":"2011-03-24T20:07:13","slug":"gelegentlich","status":"publish","type":"post","link":"http:\/\/www.anthealein.de\/?p=3785","title":{"rendered":"Gelegentlich &hellip;"},"content":{"rendered":"<p align=\"justify\">\u2026 m\u00f6chte ich schon fast prophylaktisch erkl\u00e4ren, das die Kinder nicht zu diesem Benehmen gepr\u00fcgelt oder bestochen werden. shock<\/p>\n<p align=\"justify\">&#160;<\/p>\n<p align=\"justify\">Heute Mittag Jana auf dem Weg zu Susanne kurz vor zu Hause aufgegabelt. Lena geholt, schnell bei Lidl angehalten und dann ab zur Apotheke meine Spritzen abholen. Spritzen waren zwar da, aber von der falschen Firma. 100 Euro Preisunterschied, also bestellen und heute Abend Abholung. Nach Hause, ein wenig gewuselt und beim Wickeln von Lena: rote Flecken am Bauch gesehen. OK dachte ich, sie hatte sich kurz vorher beschwert, das sie sich weh getan h\u00e4tte, h\u00e4tte also davon kommen k\u00f6nnen. <\/p>\n<p align=\"justify\">Anna und Kerstin kamen und um kurz nach 16.30 Uhr kam Lena an und beschwerte sich wieder \u00fcber \u201cAua Bauch\u201d. Seit dem Wochenende schniefelt sie ja schon und die letzten 2 Tage kam sie immer mal wieder an mit \u201cAua Bauch\u201d und als ich vorhin mit Kerstin schaute, waren die Flecken nicht mehr klein sondern schon richtig gro\u00df und Lena beschwerte sich, das es brennen w\u00fcrde. Also Arzt angerufen, Termin f\u00fcr 17.45 Uhr bekommen und Anna und Kerstin (die eh kurz weg wollte und nur Anna hier gelassen h\u00e4tte) verabschiedet. <\/p>\n<p align=\"justify\">Und beim Arzt dann: Arzt kam rein, gab mir und Jana die Hand, wollte bei Lena nur \u00fcber den Kopf streicheln und bekam auch von ihr die Hand gereicht. Lena erz\u00e4hlte ihm dann gleich, das sie \u201cBauch Aua\u201d h\u00e4tte und das es brennen w\u00fcrde. Ich erz\u00e4hlte ihm die ausf\u00fchrliche Version, er diagnostizierte Nesselsucht, gab Rezept und wollte sich verabschieden. Und da reichte mein kleines Monster ihm doch tats\u00e4chlich die Hand und sagte \u201cDankesch\u00f6n\u201d. Und in der Apotheke ging es dann weiter. T\u00f6nte es im Fahrstuhl noch \u201cTraubenzucker? Aber 3!!!\u201d, klang das in der Apotheke beim Abgeben des Rezeptes (sie bestand darauf, das selbst zu machen) dann schon ganz anders und f\u00fcr ein Traubenzuckerst\u00fcck wurde sich derma\u00dfen \u00fcberschw\u00e4nglich bedankt, als h\u00e4tte der Apotheker ihr eine ganze T\u00fcte geschenkt. Und weil es so sch\u00f6n war, musste sie ja auch noch eben angeben und kommentierte die Werbung der Physiopraxis im Haus mit \u201c3 V\u00f6gel, ein gro\u00dfer Vogel und 2 kleine V\u00f6gel! Und eine Sonne!\u201d (Jupp, das Bild richtig beschrieben). <\/p>\n<p align=\"justify\">&#160;<\/p>\n<p align=\"center\"><a href=\"http:\/\/www.anthealein.de\/wp-content\/uploads\/2011\/03\/24032011.jpg\"><img loading=\"lazy\" decoding=\"async\" style=\"background-image: none; border-bottom: 0px; border-left: 0px; padding-left: 0px; padding-right: 0px; display: inline; border-top: 0px; border-right: 0px; padding-top: 0px\" title=\"24032011\" border=\"0\" alt=\"24032011\" src=\"http:\/\/www.anthealein.de\/wp-content\/uploads\/2011\/03\/24032011_thumb.jpg\" width=\"504\" height=\"504\" \/><\/a><\/p>\n<p align=\"center\">&#160;<\/p>\n<p align=\"center\"><a href=\"http:\/\/www.anthealein.de\/wp-content\/uploads\/2011\/03\/24032011II.jpg\"><img loading=\"lazy\" decoding=\"async\" style=\"background-image: none; border-bottom: 0px; border-left: 0px; padding-left: 0px; padding-right: 0px; display: inline; border-top: 0px; border-right: 0px; padding-top: 0px\" title=\"24032011II\" border=\"0\" alt=\"24032011II\" src=\"http:\/\/www.anthealein.de\/wp-content\/uploads\/2011\/03\/24032011II_thumb.jpg\" width=\"504\" height=\"504\" \/><\/a><\/p>\n<p align=\"center\">&#160;<\/p>\n<p align=\"center\"><a href=\"http:\/\/www.anthealein.de\/wp-content\/uploads\/2011\/03\/24032011III.jpg\"><img loading=\"lazy\" decoding=\"async\" style=\"background-image: none; border-bottom: 0px; border-left: 0px; padding-left: 0px; padding-right: 0px; display: inline; border-top: 0px; border-right: 0px; padding-top: 0px\" title=\"24032011III\" border=\"0\" alt=\"24032011III\" src=\"http:\/\/www.anthealein.de\/wp-content\/uploads\/2011\/03\/24032011III_thumb.jpg\" width=\"504\" height=\"504\" \/><\/a><\/p>\n<p align=\"center\">&#160;<\/p>\n<p align=\"center\"><a href=\"http:\/\/www.anthealein.de\/wp-content\/uploads\/2011\/03\/24032011IV.jpg\"><img loading=\"lazy\" decoding=\"async\" style=\"background-image: none; border-bottom: 0px; border-left: 0px; padding-left: 0px; padding-right: 0px; display: inline; border-top: 0px; border-right: 0px; padding-top: 0px\" title=\"24032011IV\" border=\"0\" alt=\"24032011IV\" src=\"http:\/\/www.anthealein.de\/wp-content\/uploads\/2011\/03\/24032011IV_thumb.jpg\" width=\"504\" height=\"379\" \/><\/a><\/p>\n","protected":false},"excerpt":{"rendered":"<p>\u2026 m\u00f6chte ich schon fast prophylaktisch erkl\u00e4ren, das die Kinder nicht zu diesem Benehmen gepr\u00fcgelt oder bestochen werden. shock &#160; Heute Mittag Jana auf dem Weg zu Susanne kurz vor zu Hause aufgegabelt. Lena geholt, schnell bei Lidl angehalten und dann ab zur Apotheke meine Spritzen abholen. Spritzen waren zwar da, aber von der falschen [&hellip;]<\/p>\n","protected":false},"author":1,"featured_media":0,"comment_status":"open","ping_status":"open","sticky":false,"template":"","format":"standard","meta":{"footnotes":""},"categories":[3],"tags":[],"class_list":["post-3785","post","type-post","status-publish","format-standard","hentry","category-alles-mogliche"],"_links":{"self":[{"href":"http:\/\/www.anthealein.de\/index.php?rest_route=\/wp\/v2\/posts\/3785","targetHints":{"allow":["GET"]}}],"collection":[{"href":"http:\/\/www.anthealein.de\/index.php?rest_route=\/wp\/v2\/posts"}],"about":[{"href":"http:\/\/www.anthealein.de\/index.php?rest_route=\/wp\/v2\/types\/post"}],"author":[{"embeddable":true,"href":"http:\/\/www.anthealein.de\/index.php?rest_route=\/wp\/v2\/users\/1"}],"replies":[{"embeddable":true,"href":"http:\/\/www.anthealein.de\/index.php?rest_route=%2Fwp%2Fv2%2Fcomments&post=3785"}],"version-history":[{"count":1,"href":"http:\/\/www.anthealein.de\/index.php?rest_route=\/wp\/v2\/posts\/3785\/revisions"}],"predecessor-version":[{"id":3786,"href":"http:\/\/www.anthealein.de\/index.php?rest_route=\/wp\/v2\/posts\/3785\/revisions\/3786"}],"wp:attachment":[{"href":"http:\/\/www.anthealein.de\/index.php?rest_route=%2Fwp%2Fv2%2Fmedia&parent=3785"}],"wp:term":[{"taxonomy":"category","embeddable":true,"href":"http:\/\/www.anthealein.de\/index.php?rest_route=%2Fwp%2Fv2%2Fcategories&post=3785"},{"taxonomy":"post_tag","embeddable":true,"href":"http:\/\/www.anthealein.de\/index.php?rest_route=%2Fwp%2Fv2%2Ftags&post=3785"}],"curies":[{"name":"wp","href":"https:\/\/api.w.org\/{rel}","templated":true}]}}