{"id":3726,"date":"2011-03-16T21:46:37","date_gmt":"2011-03-16T20:46:37","guid":{"rendered":"http:\/\/www.anthealein.de\/?p=3726"},"modified":"2011-03-16T21:47:56","modified_gmt":"2011-03-16T20:47:56","slug":"saug-deinen-lfter-ab-anke","status":"publish","type":"post","link":"http:\/\/www.anthealein.de\/?p=3726","title":{"rendered":"&ldquo;Saug deinen L&uuml;fter ab, Anke&rdquo; &hellip;"},"content":{"rendered":"<p align=\"justify\">\u2026 schrieb ich vor ein paar Wochen (oder Tagen?) hier, meine ich. Tja, nun hab ich mal nicht Ankes Rechner mit totem Netzteil hier (w\u00e4re aber eigentlich auch mal wieder dran), sondern den von ihrem Mann. Get\u00f6tet von dem kleinen Zwerg, der so gerne gerade Kabel rausrei\u00dft. Und probiere flei\u00dfig, zu retten was zu retten ist von der Festplatte *g*. Und das daaaaaaaaauuuert mit Testdisk. <\/p>\n<p align=\"justify\">Am 29.04. geht es wieder los mit der \u201cNacht der Museen\u201d wie ich heute in der Zeitung gelesen habe. Jana und ich werden wieder dabei sein und diesmal werde ich auch GARANTIERT die Digicam mitschleppen. Motto dieses Jahr \u201cNacht der Farben\u201d. Da bin ich mal gespannt. Doof ist nur, das diese Nacht ausgerechnet an meinem Sp\u00e4tdienstfreitag ist und da schon eine Kollegin Urlaub hat. Ich werde also versuchen, den Dienst getauscht zu bekommen, damit ich um 16 Uhr nach Hause kann. Sp\u00e4testens um 17:45 Uhr m\u00fcssen wir uns n\u00e4mlich auf den Weg machen. Valeska? Magst du dieses Jahr mitkommen? <\/p>\n<p align=\"justify\">&#160;<\/p>\n<p align=\"center\"><a href=\"http:\/\/www.anthealein.de\/wp-content\/uploads\/2011\/03\/16032011.jpg\"><img loading=\"lazy\" decoding=\"async\" style=\"background-image: none; border-bottom: 0px; border-left: 0px; padding-left: 0px; padding-right: 0px; display: inline; border-top: 0px; border-right: 0px; padding-top: 0px\" title=\"16032011\" border=\"0\" alt=\"16032011\" src=\"http:\/\/www.anthealein.de\/wp-content\/uploads\/2011\/03\/16032011_thumb.jpg\" width=\"504\" height=\"504\" \/><\/a>    <br \/>\u201cDie machen die B\u00e4ume kaputt, sollen die wieder heile machen!\u201d erz\u00e4hlte mir aufgeregt Lena, als ich heute nach Hause kam.<\/p>\n<p align=\"center\">&#160;<\/p>\n<p align=\"center\"><a href=\"http:\/\/www.anthealein.de\/wp-content\/uploads\/2011\/03\/16032011II.jpg\"><img loading=\"lazy\" decoding=\"async\" style=\"background-image: none; border-bottom: 0px; border-left: 0px; padding-left: 0px; padding-right: 0px; display: inline; border-top: 0px; border-right: 0px; padding-top: 0px\" title=\"16032011II\" border=\"0\" alt=\"16032011II\" src=\"http:\/\/www.anthealein.de\/wp-content\/uploads\/2011\/03\/16032011II_thumb.jpg\" width=\"504\" height=\"504\" \/><\/a>    <br \/>Jupp, machen sie \u2026 \u00c4h, also kaputt meine ich nat\u00fcrlich *g*. <\/p>\n<p align=\"center\">&#160;<\/p>\n<p align=\"center\"><a href=\"http:\/\/www.anthealein.de\/wp-content\/uploads\/2011\/03\/16032011III.jpg\"><img loading=\"lazy\" decoding=\"async\" style=\"background-image: none; border-bottom: 0px; border-left: 0px; padding-left: 0px; padding-right: 0px; display: inline; border-top: 0px; border-right: 0px; padding-top: 0px\" title=\"16032011III\" border=\"0\" alt=\"16032011III\" src=\"http:\/\/www.anthealein.de\/wp-content\/uploads\/2011\/03\/16032011III_thumb.jpg\" width=\"504\" height=\"504\" \/><\/a>    <br \/>\u201cSie gehen weg, sind fertig?\u201d<\/p>\n<p align=\"center\">&#160;<\/p>\n<p align=\"center\"><a href=\"http:\/\/www.anthealein.de\/wp-content\/uploads\/2011\/03\/16032011IV.jpg\"><img loading=\"lazy\" decoding=\"async\" style=\"background-image: none; border-bottom: 0px; border-left: 0px; padding-left: 0px; padding-right: 0px; display: inline; border-top: 0px; border-right: 0px; padding-top: 0px\" title=\"16032011IV\" border=\"0\" alt=\"16032011IV\" src=\"http:\/\/www.anthealein.de\/wp-content\/uploads\/2011\/03\/16032011IV_thumb.jpg\" width=\"504\" height=\"504\" \/><\/a>    <br \/>N\u00f6, die Leiter (die Lena wiederum cool fand), blieb noch stehen.<\/p>\n<p align=\"center\">&#160;<\/p>\n<p align=\"center\"><a href=\"http:\/\/www.anthealein.de\/wp-content\/uploads\/2011\/03\/16032011V.jpg\"><img loading=\"lazy\" decoding=\"async\" style=\"background-image: none; border-bottom: 0px; border-left: 0px; padding-left: 0px; padding-right: 0px; display: inline; border-top: 0px; border-right: 0px; padding-top: 0px\" title=\"16032011V\" border=\"0\" alt=\"16032011V\" src=\"http:\/\/www.anthealein.de\/wp-content\/uploads\/2011\/03\/16032011V_thumb.jpg\" width=\"504\" height=\"504\" \/><\/a><\/p>\n","protected":false},"excerpt":{"rendered":"<p>\u2026 schrieb ich vor ein paar Wochen (oder Tagen?) hier, meine ich. Tja, nun hab ich mal nicht Ankes Rechner mit totem Netzteil hier (w\u00e4re aber eigentlich auch mal wieder dran), sondern den von ihrem Mann. Get\u00f6tet von dem kleinen Zwerg, der so gerne gerade Kabel rausrei\u00dft. Und probiere flei\u00dfig, zu retten was zu retten [&hellip;]<\/p>\n","protected":false},"author":1,"featured_media":0,"comment_status":"open","ping_status":"open","sticky":false,"template":"","format":"standard","meta":{"footnotes":""},"categories":[3],"tags":[],"class_list":["post-3726","post","type-post","status-publish","format-standard","hentry","category-alles-mogliche"],"_links":{"self":[{"href":"http:\/\/www.anthealein.de\/index.php?rest_route=\/wp\/v2\/posts\/3726","targetHints":{"allow":["GET"]}}],"collection":[{"href":"http:\/\/www.anthealein.de\/index.php?rest_route=\/wp\/v2\/posts"}],"about":[{"href":"http:\/\/www.anthealein.de\/index.php?rest_route=\/wp\/v2\/types\/post"}],"author":[{"embeddable":true,"href":"http:\/\/www.anthealein.de\/index.php?rest_route=\/wp\/v2\/users\/1"}],"replies":[{"embeddable":true,"href":"http:\/\/www.anthealein.de\/index.php?rest_route=%2Fwp%2Fv2%2Fcomments&post=3726"}],"version-history":[{"count":2,"href":"http:\/\/www.anthealein.de\/index.php?rest_route=\/wp\/v2\/posts\/3726\/revisions"}],"predecessor-version":[{"id":3728,"href":"http:\/\/www.anthealein.de\/index.php?rest_route=\/wp\/v2\/posts\/3726\/revisions\/3728"}],"wp:attachment":[{"href":"http:\/\/www.anthealein.de\/index.php?rest_route=%2Fwp%2Fv2%2Fmedia&parent=3726"}],"wp:term":[{"taxonomy":"category","embeddable":true,"href":"http:\/\/www.anthealein.de\/index.php?rest_route=%2Fwp%2Fv2%2Fcategories&post=3726"},{"taxonomy":"post_tag","embeddable":true,"href":"http:\/\/www.anthealein.de\/index.php?rest_route=%2Fwp%2Fv2%2Ftags&post=3726"}],"curies":[{"name":"wp","href":"https:\/\/api.w.org\/{rel}","templated":true}]}}