{"id":3710,"date":"2011-03-14T22:04:06","date_gmt":"2011-03-14T21:04:06","guid":{"rendered":"http:\/\/www.anthealein.de\/?p=3710"},"modified":"2011-03-14T22:04:06","modified_gmt":"2011-03-14T21:04:06","slug":"unklarer-befund-oder","status":"publish","type":"post","link":"http:\/\/www.anthealein.de\/?p=3710","title":{"rendered":"&ldquo;Unklarer Befund&rdquo; oder &hellip;"},"content":{"rendered":"<p align=\"justify\">\u2026 traue niemals den Aussagen des Radiologen, den du eh nicht magst. <\/p>\n<p align=\"justify\">Heute morgen Neuro-Termin gehabt. Im Januar war ich ja im MRT wegen diverser Problemchen und bin nach den Aussagen des Radiologen \u201ckeine neuen Herde\u201d auch nicht weiter hinterher gegangen. So. Und heute kam dann raus: mein VEP ist mal wieder arg verz\u00f6gert mit einer Latenz von 133\/137. Hatte schon mal schlechter (160), hatte aber auch schon mal deutlich besser (115, an der oberen Grenze des Normalen). Nach dem VEP rein zum Arzt und da erfuhr ich dann \u00fcberraschenderweise, das der Radiologe in seinem Bericht von einem \u201cunklaren Befund\u201d spricht in der HWS. Kopf also ok, aber im HWS-Ansatz wohl doch mal wieder was. Also: in 4 Wochen zum Neuro, noch mal VEP und Termin f\u00fcr MRT HWS machen. Ich hab ja sonst auch nix zu tun *grummel*. Und vor allem: h\u00e4tte mir der Radiologe das direkt gesagt, w\u00e4re ich auch direkt wieder zu meinem Neuro und h\u00e4tte mir direkt das MRT HWS abgeholt und h\u00e4tte evtl. noch Corti bekommen. So also mal wieder wahrscheinlich ein ausgesessener Schub. <\/p>\n<p align=\"justify\">Das mit dem Sch\u00fcttelfrost von vorletzter Woche hat er sich auch notiert und ein paar weitere Sachen die ich so habe, soll ich die n\u00e4chsten Wochen mal im Kalender notieren, damit wir dr\u00fcber schauen k\u00f6nnen, ob MS-bedingt oder doch was Hormonelles. <\/p>\n<p align=\"justify\">Jana war wegen ihrer Erk\u00e4ltung heute nicht tanzen (und durfte den Sportunterricht ausfallen lassen), Lena hat hingegen das erste Mal seit 2 Wochen wieder den Schnuppergarten besucht mit mir im Hintergrund. <\/p>\n<p align=\"center\">&#160;<\/p>\n<p align=\"center\"><a href=\"http:\/\/www.anthealein.de\/wp-content\/uploads\/2011\/03\/14032011.jpg\"><img loading=\"lazy\" decoding=\"async\" style=\"background-image: none; border-bottom: 0px; border-left: 0px; padding-left: 0px; padding-right: 0px; display: inline; border-top: 0px; border-right: 0px; padding-top: 0px\" title=\"14032011\" border=\"0\" alt=\"14032011\" src=\"http:\/\/www.anthealein.de\/wp-content\/uploads\/2011\/03\/14032011_thumb.jpg\" width=\"504\" height=\"504\" \/><\/a><\/p>\n","protected":false},"excerpt":{"rendered":"<p>\u2026 traue niemals den Aussagen des Radiologen, den du eh nicht magst. Heute morgen Neuro-Termin gehabt. Im Januar war ich ja im MRT wegen diverser Problemchen und bin nach den Aussagen des Radiologen \u201ckeine neuen Herde\u201d auch nicht weiter hinterher gegangen. So. Und heute kam dann raus: mein VEP ist mal wieder arg verz\u00f6gert mit [&hellip;]<\/p>\n","protected":false},"author":1,"featured_media":0,"comment_status":"open","ping_status":"open","sticky":false,"template":"","format":"standard","meta":{"footnotes":""},"categories":[3],"tags":[],"class_list":["post-3710","post","type-post","status-publish","format-standard","hentry","category-alles-mogliche"],"_links":{"self":[{"href":"http:\/\/www.anthealein.de\/index.php?rest_route=\/wp\/v2\/posts\/3710","targetHints":{"allow":["GET"]}}],"collection":[{"href":"http:\/\/www.anthealein.de\/index.php?rest_route=\/wp\/v2\/posts"}],"about":[{"href":"http:\/\/www.anthealein.de\/index.php?rest_route=\/wp\/v2\/types\/post"}],"author":[{"embeddable":true,"href":"http:\/\/www.anthealein.de\/index.php?rest_route=\/wp\/v2\/users\/1"}],"replies":[{"embeddable":true,"href":"http:\/\/www.anthealein.de\/index.php?rest_route=%2Fwp%2Fv2%2Fcomments&post=3710"}],"version-history":[{"count":0,"href":"http:\/\/www.anthealein.de\/index.php?rest_route=\/wp\/v2\/posts\/3710\/revisions"}],"wp:attachment":[{"href":"http:\/\/www.anthealein.de\/index.php?rest_route=%2Fwp%2Fv2%2Fmedia&parent=3710"}],"wp:term":[{"taxonomy":"category","embeddable":true,"href":"http:\/\/www.anthealein.de\/index.php?rest_route=%2Fwp%2Fv2%2Fcategories&post=3710"},{"taxonomy":"post_tag","embeddable":true,"href":"http:\/\/www.anthealein.de\/index.php?rest_route=%2Fwp%2Fv2%2Ftags&post=3710"}],"curies":[{"name":"wp","href":"https:\/\/api.w.org\/{rel}","templated":true}]}}