{"id":3668,"date":"2011-03-08T21:20:57","date_gmt":"2011-03-08T20:20:57","guid":{"rendered":"http:\/\/www.anthealein.de\/?p=3668"},"modified":"2011-03-08T21:20:57","modified_gmt":"2011-03-08T20:20:57","slug":"hmmm","status":"publish","type":"post","link":"http:\/\/www.anthealein.de\/?p=3668","title":{"rendered":"Hmmm,"},"content":{"rendered":"<p align=\"justify\">mir f\u00e4llt heute mal so gar nichts ein. War aber auch ein ruhiger Tag (f\u00fcr mich, f\u00fcr Chris weniger) mit Wocheneinkauf (fehlen nur noch Getr\u00e4nke, saure Sahne, Senf und Rouladen um bis n\u00e4chsten Dienstag versorgt zu sein) und einer Lena, die schon um 18.30 Uhr schlief. Die unteren Eckz\u00e4hne haben sich die Tage ohne gro\u00dfe Beschwerden rausgeschlichen, nun fehlen also nur noch ein paar Backenz\u00e4hne <img decoding=\"async\" style=\"border-bottom-style: none; border-right-style: none; border-top-style: none; border-left-style: none\" class=\"wlEmoticon wlEmoticon-smile\" alt=\"Smiley\" src=\"http:\/\/www.anthealein.de\/wp-content\/uploads\/2011\/03\/wlEmoticon-smile1.png\" \/> .<\/p>\n<p align=\"justify\">F\u00fcr mich zur Erinnerung:   <br \/>Zahnarzt- und Augenarzt-Termine machen, 5.4. Kerzenparty, 9.4. M\u00e4delsabend, Ende April Schnulliessen. Sommerurlaub planen!!!<\/p>\n<p align=\"justify\">&#160;<\/p>\n<p align=\"center\"><a href=\"http:\/\/www.anthealein.de\/wp-content\/uploads\/2011\/03\/08032011.jpg\"><img loading=\"lazy\" decoding=\"async\" style=\"background-image: none; border-bottom: 0px; border-left: 0px; padding-left: 0px; padding-right: 0px; display: inline; border-top: 0px; border-right: 0px; padding-top: 0px\" title=\"08032011\" border=\"0\" alt=\"08032011\" src=\"http:\/\/www.anthealein.de\/wp-content\/uploads\/2011\/03\/08032011_thumb.jpg\" width=\"504\" height=\"504\" \/><\/a>    <br \/>7.15 Uhr heute morgen shock<\/p>\n<p align=\"center\">&#160;<\/p>\n<p align=\"center\"><a href=\"http:\/\/www.anthealein.de\/wp-content\/uploads\/2011\/03\/08032011II.jpg\"><img loading=\"lazy\" decoding=\"async\" style=\"background-image: none; border-bottom: 0px; border-left: 0px; padding-left: 0px; padding-right: 0px; display: inline; border-top: 0px; border-right: 0px; padding-top: 0px\" title=\"08032011II\" border=\"0\" alt=\"08032011II\" src=\"http:\/\/www.anthealein.de\/wp-content\/uploads\/2011\/03\/08032011II_thumb.jpg\" width=\"504\" height=\"504\" \/><\/a><\/p>\n","protected":false},"excerpt":{"rendered":"<p>mir f\u00e4llt heute mal so gar nichts ein. War aber auch ein ruhiger Tag (f\u00fcr mich, f\u00fcr Chris weniger) mit Wocheneinkauf (fehlen nur noch Getr\u00e4nke, saure Sahne, Senf und Rouladen um bis n\u00e4chsten Dienstag versorgt zu sein) und einer Lena, die schon um 18.30 Uhr schlief. Die unteren Eckz\u00e4hne haben sich die Tage ohne gro\u00dfe [&hellip;]<\/p>\n","protected":false},"author":1,"featured_media":0,"comment_status":"open","ping_status":"open","sticky":false,"template":"","format":"standard","meta":{"footnotes":""},"categories":[3],"tags":[],"class_list":["post-3668","post","type-post","status-publish","format-standard","hentry","category-alles-mogliche"],"_links":{"self":[{"href":"http:\/\/www.anthealein.de\/index.php?rest_route=\/wp\/v2\/posts\/3668","targetHints":{"allow":["GET"]}}],"collection":[{"href":"http:\/\/www.anthealein.de\/index.php?rest_route=\/wp\/v2\/posts"}],"about":[{"href":"http:\/\/www.anthealein.de\/index.php?rest_route=\/wp\/v2\/types\/post"}],"author":[{"embeddable":true,"href":"http:\/\/www.anthealein.de\/index.php?rest_route=\/wp\/v2\/users\/1"}],"replies":[{"embeddable":true,"href":"http:\/\/www.anthealein.de\/index.php?rest_route=%2Fwp%2Fv2%2Fcomments&post=3668"}],"version-history":[{"count":0,"href":"http:\/\/www.anthealein.de\/index.php?rest_route=\/wp\/v2\/posts\/3668\/revisions"}],"wp:attachment":[{"href":"http:\/\/www.anthealein.de\/index.php?rest_route=%2Fwp%2Fv2%2Fmedia&parent=3668"}],"wp:term":[{"taxonomy":"category","embeddable":true,"href":"http:\/\/www.anthealein.de\/index.php?rest_route=%2Fwp%2Fv2%2Fcategories&post=3668"},{"taxonomy":"post_tag","embeddable":true,"href":"http:\/\/www.anthealein.de\/index.php?rest_route=%2Fwp%2Fv2%2Ftags&post=3668"}],"curies":[{"name":"wp","href":"https:\/\/api.w.org\/{rel}","templated":true}]}}