{"id":3659,"date":"2011-03-06T21:14:52","date_gmt":"2011-03-06T20:14:52","guid":{"rendered":"http:\/\/www.anthealein.de\/?p=3659"},"modified":"2011-03-06T21:14:52","modified_gmt":"2011-03-06T20:14:52","slug":"arbeitsreich","status":"publish","type":"post","link":"http:\/\/www.anthealein.de\/?p=3659","title":{"rendered":"Arbeitsreich &hellip;"},"content":{"rendered":"<p align=\"justify\">\u2026 war der Tag. Morgens sind wir direkt zum Flohmarkt. Chris konnte das dank seinen F\u00fc\u00dfen nach ein paar Metern schon wieder vergessen (soviel zum Thema arbeiten morgen fr\u00fch, der darf zum Arzt!), Lena war auch m\u00fcde. Also gingen nur Jana und ich in Ruhe \u00fcber den Flohmarkt und machten ein paar Schn\u00e4ppchen. <\/p>\n<p align=\"justify\">Kaum wieder zu Hause, hab ich ne Runde gewirbelt. Geputzt, gekocht, W\u00e4sche gewaschen, das \u00dcbliche also <img decoding=\"async\" style=\"border-bottom-style: none; border-right-style: none; border-top-style: none; border-left-style: none\" class=\"wlEmoticon wlEmoticon-winkingsmile\" alt=\"Zwinkerndes Smiley\" src=\"http:\/\/www.anthealein.de\/wp-content\/uploads\/2011\/03\/wlEmoticon-winkingsmile.png\" \/> . Und nach dem Essen ging es dann weiter: Kleiderschrank von Lena ausmisten. 2 gro\u00dfe blaue S\u00e4cke durfte Chris dann sp\u00e4ter zu einer befreundeten Mutter bringen. Jana beschloss derweil, ihren Kleiderschrank mit Papas Hilfe auch aufzur\u00e4umen und auszumisten. Als ich dann irgendwann erstaunt fragte, wo sie den ausgemisteten Kram denn gelassen h\u00e4tten: passt Jana alles noch shock . Ja klar. Und Weihnachten und Ostern fallen dieses Jahr auf meinen Geburtstag. Ich werde dann morgen also auch da noch mal schauen gehen und mein Kleiderschrank h\u00e4tte es eigentlich auch dringend n\u00f6tig. <\/p>\n<p align=\"justify\">&quot;Lena-Mund\u201d:    <br \/>\u201cNein, Mama. Du darfst Papa gar nicht k\u00fcssen!\u201d *dazwischenschmei\u00df*. Ich wette, Mama und Papa grinsen sich da oben eins und freuen sich dar\u00fcber, das Lena Rache \u00fcbt f\u00fcr sie. <\/p>\n<p align=\"justify\">\u201cDanke, vielen Dank, Dame\u201d (Fragt mich nicht, woher sie das \u201cDame\u201d hat)<\/p>\n<p align=\"justify\">&#160;<\/p>\n<p align=\"center\"><a href=\"http:\/\/www.anthealein.de\/wp-content\/uploads\/2011\/03\/06032011.jpg\"><img loading=\"lazy\" decoding=\"async\" style=\"background-image: none; border-bottom: 0px; border-left: 0px; padding-left: 0px; padding-right: 0px; display: inline; border-top: 0px; border-right: 0px; padding-top: 0px\" title=\"06032011\" border=\"0\" alt=\"06032011\" src=\"http:\/\/www.anthealein.de\/wp-content\/uploads\/2011\/03\/06032011_thumb.jpg\" width=\"504\" height=\"504\" \/><\/a><\/p>\n<p align=\"center\">&#160;<\/p>\n<p align=\"center\"><a href=\"http:\/\/www.anthealein.de\/wp-content\/uploads\/2011\/03\/06032011II.jpg\"><img loading=\"lazy\" decoding=\"async\" style=\"background-image: none; border-bottom: 0px; border-left: 0px; padding-left: 0px; padding-right: 0px; display: inline; border-top: 0px; border-right: 0px; padding-top: 0px\" title=\"06032011II\" border=\"0\" alt=\"06032011II\" src=\"http:\/\/www.anthealein.de\/wp-content\/uploads\/2011\/03\/06032011II_thumb.jpg\" width=\"504\" height=\"504\" \/><\/a><\/p>\n<p align=\"center\">&#160;<\/p>\n<p align=\"center\"><a href=\"http:\/\/www.anthealein.de\/wp-content\/uploads\/2011\/03\/06032011III.jpg\"><img loading=\"lazy\" decoding=\"async\" style=\"background-image: none; border-bottom: 0px; border-left: 0px; padding-left: 0px; padding-right: 0px; display: inline; border-top: 0px; border-right: 0px; padding-top: 0px\" title=\"06032011III\" border=\"0\" alt=\"06032011III\" src=\"http:\/\/www.anthealein.de\/wp-content\/uploads\/2011\/03\/06032011III_thumb.jpg\" width=\"504\" height=\"504\" \/><\/a><\/p>\n","protected":false},"excerpt":{"rendered":"<p>\u2026 war der Tag. Morgens sind wir direkt zum Flohmarkt. Chris konnte das dank seinen F\u00fc\u00dfen nach ein paar Metern schon wieder vergessen (soviel zum Thema arbeiten morgen fr\u00fch, der darf zum Arzt!), Lena war auch m\u00fcde. Also gingen nur Jana und ich in Ruhe \u00fcber den Flohmarkt und machten ein paar Schn\u00e4ppchen. Kaum wieder [&hellip;]<\/p>\n","protected":false},"author":1,"featured_media":0,"comment_status":"open","ping_status":"open","sticky":false,"template":"","format":"standard","meta":{"footnotes":""},"categories":[3],"tags":[],"class_list":["post-3659","post","type-post","status-publish","format-standard","hentry","category-alles-mogliche"],"_links":{"self":[{"href":"http:\/\/www.anthealein.de\/index.php?rest_route=\/wp\/v2\/posts\/3659","targetHints":{"allow":["GET"]}}],"collection":[{"href":"http:\/\/www.anthealein.de\/index.php?rest_route=\/wp\/v2\/posts"}],"about":[{"href":"http:\/\/www.anthealein.de\/index.php?rest_route=\/wp\/v2\/types\/post"}],"author":[{"embeddable":true,"href":"http:\/\/www.anthealein.de\/index.php?rest_route=\/wp\/v2\/users\/1"}],"replies":[{"embeddable":true,"href":"http:\/\/www.anthealein.de\/index.php?rest_route=%2Fwp%2Fv2%2Fcomments&post=3659"}],"version-history":[{"count":0,"href":"http:\/\/www.anthealein.de\/index.php?rest_route=\/wp\/v2\/posts\/3659\/revisions"}],"wp:attachment":[{"href":"http:\/\/www.anthealein.de\/index.php?rest_route=%2Fwp%2Fv2%2Fmedia&parent=3659"}],"wp:term":[{"taxonomy":"category","embeddable":true,"href":"http:\/\/www.anthealein.de\/index.php?rest_route=%2Fwp%2Fv2%2Fcategories&post=3659"},{"taxonomy":"post_tag","embeddable":true,"href":"http:\/\/www.anthealein.de\/index.php?rest_route=%2Fwp%2Fv2%2Ftags&post=3659"}],"curies":[{"name":"wp","href":"https:\/\/api.w.org\/{rel}","templated":true}]}}