{"id":3640,"date":"2011-03-03T21:05:24","date_gmt":"2011-03-03T20:05:24","guid":{"rendered":"http:\/\/www.anthealein.de\/?p=3640"},"modified":"2011-03-03T21:05:24","modified_gmt":"2011-03-03T20:05:24","slug":"was-warist-das-denn","status":"publish","type":"post","link":"http:\/\/www.anthealein.de\/?p=3640","title":{"rendered":"Was war\/ist das denn?"},"content":{"rendered":"<p align=\"justify\">Heute morgen ging es mir nicht so gut. Kopfschmerzen, Nackenschmerzen, mir war kalt. Arbeiten war ich nat\u00fcrlich trotzdem, ging auch. <\/p>\n<p align=\"justify\">Heute Mittag bin ich schnell nach Hause, kurz mit dem Rest der Family gequatscht und ab nach Fedderwarden zu Sandra. Ich hab sie tats\u00e4chlich machen lassen, bin zwischendrin immer mal wieder eingenickt und kurz vor 17 Uhr war ich fertig. Noch eben eingekauft und zur\u00fcck nach Hause. Chris fuhr los, Jana abholen, ich wollte Lena ausziehen. Ging mich vorher eben schnell spritzen und bekam kurz danach so komische ganz kurze Magenschmerzen und musste ohne Ende husten. W\u00e4hrend ich Lena auszog wurde das immer schlimmer und noch dazu hatte ich ein kurzes Stechen in der linken Leiste. Aber dann ging es eigentlich wieder. Chris und Jana kamen und kaum waren die drin, fing ich an zu zittern und mit den Z\u00e4hnen zu klappern. Couch war mir zu kalt, W\u00e4rmflasche musste Chris mir machen weil ich so stark zitterte, das ich den Wasserkocher nicht halten konnte. Ab ins Bett (angezogen, egal) und ca. eine halbe Stunde sp\u00e4ter wurde es besser. Aber immer noch f\u00fchl ich mich wie angeheitert und benebelt. S\u00e4mtliche alten Herde flackern auf mit Taubheitsgef\u00fchlen, die Milchschnitte (Zucker!) schmeckte gerade irgendwie pelzig und meine Augen benehmen sich als h\u00e4tte ich zu hei\u00df gebadet, alles v\u00f6llig unscharf und \u00fcberbelichtet. Wenn mich also heute Abend noch jemand sucht: ich liege im Bett mit Fernseher und i-Pad oder so. <\/p>\n<p>&#160;<\/p>\n<p align=\"center\"><a href=\"http:\/\/www.anthealein.de\/wp-content\/uploads\/2011\/03\/03032011.jpg\"><img loading=\"lazy\" decoding=\"async\" style=\"background-image: none; border-bottom: 0px; border-left: 0px; padding-left: 0px; padding-right: 0px; display: inline; border-top: 0px; border-right: 0px; padding-top: 0px\" title=\"03032011\" border=\"0\" alt=\"03032011\" src=\"http:\/\/www.anthealein.de\/wp-content\/uploads\/2011\/03\/03032011_thumb.jpg\" width=\"504\" height=\"504\" \/><\/a>    <br \/>Vorher<\/p>\n<p align=\"center\">&#160;<\/p>\n<p align=\"center\"><a href=\"http:\/\/www.anthealein.de\/wp-content\/uploads\/2011\/03\/03032011II.jpg\"><img loading=\"lazy\" decoding=\"async\" style=\"background-image: none; border-bottom: 0px; border-left: 0px; padding-left: 0px; padding-right: 0px; display: inline; border-top: 0px; border-right: 0px; padding-top: 0px\" title=\"03032011II\" border=\"0\" alt=\"03032011II\" src=\"http:\/\/www.anthealein.de\/wp-content\/uploads\/2011\/03\/03032011II_thumb.jpg\" width=\"504\" height=\"504\" \/><\/a>    <br \/>Nachher<\/p>\n","protected":false},"excerpt":{"rendered":"<p>Heute morgen ging es mir nicht so gut. Kopfschmerzen, Nackenschmerzen, mir war kalt. Arbeiten war ich nat\u00fcrlich trotzdem, ging auch. Heute Mittag bin ich schnell nach Hause, kurz mit dem Rest der Family gequatscht und ab nach Fedderwarden zu Sandra. Ich hab sie tats\u00e4chlich machen lassen, bin zwischendrin immer mal wieder eingenickt und kurz vor [&hellip;]<\/p>\n","protected":false},"author":1,"featured_media":0,"comment_status":"open","ping_status":"open","sticky":false,"template":"","format":"standard","meta":{"footnotes":""},"categories":[3],"tags":[],"class_list":["post-3640","post","type-post","status-publish","format-standard","hentry","category-alles-mogliche"],"_links":{"self":[{"href":"http:\/\/www.anthealein.de\/index.php?rest_route=\/wp\/v2\/posts\/3640","targetHints":{"allow":["GET"]}}],"collection":[{"href":"http:\/\/www.anthealein.de\/index.php?rest_route=\/wp\/v2\/posts"}],"about":[{"href":"http:\/\/www.anthealein.de\/index.php?rest_route=\/wp\/v2\/types\/post"}],"author":[{"embeddable":true,"href":"http:\/\/www.anthealein.de\/index.php?rest_route=\/wp\/v2\/users\/1"}],"replies":[{"embeddable":true,"href":"http:\/\/www.anthealein.de\/index.php?rest_route=%2Fwp%2Fv2%2Fcomments&post=3640"}],"version-history":[{"count":0,"href":"http:\/\/www.anthealein.de\/index.php?rest_route=\/wp\/v2\/posts\/3640\/revisions"}],"wp:attachment":[{"href":"http:\/\/www.anthealein.de\/index.php?rest_route=%2Fwp%2Fv2%2Fmedia&parent=3640"}],"wp:term":[{"taxonomy":"category","embeddable":true,"href":"http:\/\/www.anthealein.de\/index.php?rest_route=%2Fwp%2Fv2%2Fcategories&post=3640"},{"taxonomy":"post_tag","embeddable":true,"href":"http:\/\/www.anthealein.de\/index.php?rest_route=%2Fwp%2Fv2%2Ftags&post=3640"}],"curies":[{"name":"wp","href":"https:\/\/api.w.org\/{rel}","templated":true}]}}