{"id":3632,"date":"2011-03-01T21:25:25","date_gmt":"2011-03-01T20:25:25","guid":{"rendered":"http:\/\/www.anthealein.de\/?p=3632"},"modified":"2011-03-01T21:25:25","modified_gmt":"2011-03-01T20:25:25","slug":"vermischtes-4","status":"publish","type":"post","link":"http:\/\/www.anthealein.de\/?p=3632","title":{"rendered":"Vermischtes &hellip;"},"content":{"rendered":"<p align=\"justify\">\u2026 was ich die letzten Tage so vergessen habe. <\/p>\n<p align=\"justify\">&#8211; Gestern, Lena mit Papa unsere Briefschublade am aufr\u00e4umen. Findet sie ein altes Bild von mir mit meinem Opa. <\/p>\n<p align=\"justify\">\u201cKenn den?\u201d   <br \/>\u201dNein, den kennst du nicht, das ist Mama auf dem Bild. Mit Opa Karl.\u201d    <br \/>\u201dNicht Mama, Lena!\u201d    <br \/>\u201dNein Lena, das bin ich als ich noch so klein war wie du.\u201d\u2019    <br \/>\u201dNein Mama, das ist Lena!!!\u201d    <br \/>Die Diskussion ging etliche Minuten weiter, ich hab dann aufgegeben. <\/p>\n<p align=\"justify\">&#8211; Vor ein paar Tagen, wir waren am Toben und ich wollte Chris gerade ermahnen, vorsichtiger zu sein. Kommt von Lena im Original-Mama-Ermahn-Ton: \u201cChristian!\u201d. <\/p>\n<p align=\"justify\">&#8211; Gestern Abend noch kam von Chris der trockene Kommentar \u201csie kann ja jetzt T\u00fcren \u00f6ffnen\u201d auf meine Bemerkung, die Batterien vom Babyphone w\u00e4ren alle. Heute Nacht um 4 kam dann der Beweis. Ich wurde geweckt von einer kleinen Ziege, die mitsamt Decke und Hasis versuchte \u00fcber mich dr\u00fcber zu klettern und mir stolz erkl\u00e4rte, das sie selbst die T\u00fcr aufgemacht h\u00e4tte und zu uns gekommen w\u00e4re. <\/p>\n<p align=\"justify\">&#8211; Heute ein Telefongespr\u00e4ch mit einem Benutzer von uns. Er meldete sich und fragte nach einer Verl\u00e4ngerung. Ich fragte nach seiner Benutzernummer und als ich das Konto sah, rief ich automatisch aus \u201cAch, Herr K. . Ja, die B\u00fccher sind verl\u00e4ngert\u201d. Er war leicht irritiert, das ich ihn kannte und fragte nach. Ich erz\u00e4hlte ihm, das ich an der IGS in seinem Franz\u00f6sischkurs gewesen w\u00e4re (was ich ihm live vor mir stehend auch schon min. 20x erz\u00e4hlt habe) und nach kurzem Gespr\u00e4ch legten wir auf. Wenige Minuten sp\u00e4ter rief er noch mal an, das h\u00e4tte ihm keine Ruhe gelassen, ob ich Beatrice mit Vornamen hei\u00dfen w\u00fcrde (war wohl mal eine mit meinem Nachnamen in seiner Klasse). Ich nannte ihm dann meinen alten Namen und in welchem Zeitraum ich in seinem Kurs war, da hatte er bestimmt noch was zu gr\u00fcbeln *g*. <\/p>\n<p align=\"justify\">&#8211; Kurz darauf das n\u00e4chste Telefongespr\u00e4ch. Frau H., ob sie ihre B\u00fccher verl\u00e4ngern k\u00f6nnte. Und w\u00e4hrend sie anfing mir ihre Nummer zu nennen, konnte ich sie schon unterbrechen und ihr das neue Datum nennen. Erst war sie verdutzt und fragte, wie ich sie denn so schnell gefunden h\u00e4tte. Ich erkl\u00e4rte ihr dann, das ich sie doch kennen w\u00fcrde und daraufhin erkannte sie meine Stimme und sagte \u201cAch ja, sie sind das ja. Meine Lieblingsassistentin!\u201d *g*. Zur Erkl\u00e4rung: Frau H. kommt immer morgens, landet meist immer bei mir und hat schon so manch netten Plausch mit mir gehalten, wenn wenig los war. <\/p>\n<p align=\"justify\">&#160;<\/p>\n<p align=\"center\"><a href=\"http:\/\/www.anthealein.de\/wp-content\/uploads\/2011\/03\/01032011.jpg\"><img loading=\"lazy\" decoding=\"async\" style=\"background-image: none; border-bottom: 0px; border-left: 0px; padding-left: 0px; padding-right: 0px; display: inline; border-top: 0px; border-right: 0px; padding-top: 0px\" title=\"01032011\" border=\"0\" alt=\"01032011\" src=\"http:\/\/www.anthealein.de\/wp-content\/uploads\/2011\/03\/01032011_thumb.jpg\" width=\"504\" height=\"504\" \/><\/a><\/p>\n","protected":false},"excerpt":{"rendered":"<p>\u2026 was ich die letzten Tage so vergessen habe. &#8211; Gestern, Lena mit Papa unsere Briefschublade am aufr\u00e4umen. Findet sie ein altes Bild von mir mit meinem Opa. \u201cKenn den?\u201d \u201dNein, den kennst du nicht, das ist Mama auf dem Bild. Mit Opa Karl.\u201d \u201dNicht Mama, Lena!\u201d \u201dNein Lena, das bin ich als ich noch [&hellip;]<\/p>\n","protected":false},"author":1,"featured_media":0,"comment_status":"open","ping_status":"open","sticky":false,"template":"","format":"standard","meta":{"footnotes":""},"categories":[3],"tags":[],"class_list":["post-3632","post","type-post","status-publish","format-standard","hentry","category-alles-mogliche"],"_links":{"self":[{"href":"http:\/\/www.anthealein.de\/index.php?rest_route=\/wp\/v2\/posts\/3632","targetHints":{"allow":["GET"]}}],"collection":[{"href":"http:\/\/www.anthealein.de\/index.php?rest_route=\/wp\/v2\/posts"}],"about":[{"href":"http:\/\/www.anthealein.de\/index.php?rest_route=\/wp\/v2\/types\/post"}],"author":[{"embeddable":true,"href":"http:\/\/www.anthealein.de\/index.php?rest_route=\/wp\/v2\/users\/1"}],"replies":[{"embeddable":true,"href":"http:\/\/www.anthealein.de\/index.php?rest_route=%2Fwp%2Fv2%2Fcomments&post=3632"}],"version-history":[{"count":0,"href":"http:\/\/www.anthealein.de\/index.php?rest_route=\/wp\/v2\/posts\/3632\/revisions"}],"wp:attachment":[{"href":"http:\/\/www.anthealein.de\/index.php?rest_route=%2Fwp%2Fv2%2Fmedia&parent=3632"}],"wp:term":[{"taxonomy":"category","embeddable":true,"href":"http:\/\/www.anthealein.de\/index.php?rest_route=%2Fwp%2Fv2%2Fcategories&post=3632"},{"taxonomy":"post_tag","embeddable":true,"href":"http:\/\/www.anthealein.de\/index.php?rest_route=%2Fwp%2Fv2%2Ftags&post=3632"}],"curies":[{"name":"wp","href":"https:\/\/api.w.org\/{rel}","templated":true}]}}