{"id":3612,"date":"2011-02-25T21:22:32","date_gmt":"2011-02-25T20:22:32","guid":{"rendered":"http:\/\/www.anthealein.de\/?p=3612"},"modified":"2011-02-25T21:23:26","modified_gmt":"2011-02-25T20:23:26","slug":"filmoluxen","status":"publish","type":"post","link":"http:\/\/www.anthealein.de\/?p=3612","title":{"rendered":"Filmoluxen &hellip;"},"content":{"rendered":"<p align=\"justify\">\u2026 ist nicht meins. Unser Kollege aus der Buchpflege (R\u00fcdiger, Teil des Chaos-Trios) ist krank und wird wohl leider auch l\u00e4nger krank bleiben. Die B\u00fccher wollen trotzdem gemacht werden, also schnappen sich alle Kolleginnen etwas, wenn sie gerade Zeit haben. Ich hatte die letzten Tage schon meine Reparaturen und Aufnahmen gemacht und hatte heute morgen nur noch einen kleinen Teil \u00fcbrig. Also hab ich mir kurz nach 11 Uhr ein paar B\u00fccher geschnappt aus der Buchpflege. Filmolux zugeschnitten mitgenommen (f\u00fcr Nichtwisser: Filmolux ist die Folie in die die B\u00fccher eingeschlagen werden) und R\u00fcdiger sein Skalpell geklaut, weil ich wohl noch Klingen aber kein Skalpell mehr hatte. <\/p>\n<p align=\"justify\">Zur\u00fcck im B\u00fcro hab ich mich bei einem t\u00f6dlich langweiligen H\u00f6rbuch \u00fcber die B\u00fccher hergemacht und schon beim ersten Buch merkte ich: ich hab lange, lange, lange kein Buch mehr eingeschlagen. Nicht, das ich langsamer als fr\u00fcher w\u00e4re (nennt mich Schnecke). Aber als das Buch fertig war, hab ich automatisch mit der linken Hand das Buch hinter der Haupttitelseite aufgeschlagen und mit der rechten Hand nach dem nicht vorhandenen Laufzettel auf dem Schreibtisch getastet, um ihn in das Buch zu legen. Laufzettel kamen fr\u00fcher in die B\u00fccher und wenn man fertig war, packte man ihn wieder hinter die Haupttitelseite. Der letzte Laufzettel kam allerdings vor min. 8 Jahren bei uns in ein Buch, die nutzen wir schon Ewigkeiten nicht mehr. <\/p>\n<p align=\"justify\">Und weil es so sch\u00f6n war, habe ich w\u00e4hrend meiner Ausleihe auch noch f\u00fcr den Lacher des Tages gesorgt. Stand der Chef der VHS mit seiner Frau vor mir und wollte B\u00fccher ausleihen. Kein Thema, ich fragte ihn nach seiner Karte. Er antwortete mir, die h\u00e4tte er nicht dabei. Ob er auch so ausleihen k\u00f6nne und ob ich ihn kennen w\u00fcrde. Nat\u00fcrlich sagte ich, das ich ihn kenne und meinte, ich m\u00fcsse nur schauen ob er unter Volkshochschule oder unter seinem Namen bei uns im System w\u00e4re. Und als ich so suchte, wollte mir einfach sein Name nicht einfallen und ich musste den \u00c4rmsten allen Ernstes fragen, wie er hei\u00dft shock . <\/p>\n<p>&#160;<\/p>\n<p align=\"center\"><a href=\"http:\/\/www.anthealein.de\/wp-content\/uploads\/2011\/02\/25022011.jpg\"><img loading=\"lazy\" decoding=\"async\" style=\"background-image: none; border-bottom: 0px; border-left: 0px; padding-left: 0px; padding-right: 0px; display: inline; border-top: 0px; border-right: 0px; padding-top: 0px\" title=\"25022011\" border=\"0\" alt=\"25022011\" src=\"http:\/\/www.anthealein.de\/wp-content\/uploads\/2011\/02\/25022011_thumb.jpg\" width=\"504\" height=\"504\" \/><\/a>    <br \/>\u201cK\u00fcnstlerisch wertvoll\u201d oder auch \u201cMan sollte den Blitz anmachen\u201d *g*<\/p>\n","protected":false},"excerpt":{"rendered":"<p>\u2026 ist nicht meins. Unser Kollege aus der Buchpflege (R\u00fcdiger, Teil des Chaos-Trios) ist krank und wird wohl leider auch l\u00e4nger krank bleiben. Die B\u00fccher wollen trotzdem gemacht werden, also schnappen sich alle Kolleginnen etwas, wenn sie gerade Zeit haben. Ich hatte die letzten Tage schon meine Reparaturen und Aufnahmen gemacht und hatte heute morgen [&hellip;]<\/p>\n","protected":false},"author":1,"featured_media":0,"comment_status":"open","ping_status":"open","sticky":false,"template":"","format":"standard","meta":{"footnotes":""},"categories":[3],"tags":[],"class_list":["post-3612","post","type-post","status-publish","format-standard","hentry","category-alles-mogliche"],"_links":{"self":[{"href":"http:\/\/www.anthealein.de\/index.php?rest_route=\/wp\/v2\/posts\/3612","targetHints":{"allow":["GET"]}}],"collection":[{"href":"http:\/\/www.anthealein.de\/index.php?rest_route=\/wp\/v2\/posts"}],"about":[{"href":"http:\/\/www.anthealein.de\/index.php?rest_route=\/wp\/v2\/types\/post"}],"author":[{"embeddable":true,"href":"http:\/\/www.anthealein.de\/index.php?rest_route=\/wp\/v2\/users\/1"}],"replies":[{"embeddable":true,"href":"http:\/\/www.anthealein.de\/index.php?rest_route=%2Fwp%2Fv2%2Fcomments&post=3612"}],"version-history":[{"count":1,"href":"http:\/\/www.anthealein.de\/index.php?rest_route=\/wp\/v2\/posts\/3612\/revisions"}],"predecessor-version":[{"id":3613,"href":"http:\/\/www.anthealein.de\/index.php?rest_route=\/wp\/v2\/posts\/3612\/revisions\/3613"}],"wp:attachment":[{"href":"http:\/\/www.anthealein.de\/index.php?rest_route=%2Fwp%2Fv2%2Fmedia&parent=3612"}],"wp:term":[{"taxonomy":"category","embeddable":true,"href":"http:\/\/www.anthealein.de\/index.php?rest_route=%2Fwp%2Fv2%2Fcategories&post=3612"},{"taxonomy":"post_tag","embeddable":true,"href":"http:\/\/www.anthealein.de\/index.php?rest_route=%2Fwp%2Fv2%2Ftags&post=3612"}],"curies":[{"name":"wp","href":"https:\/\/api.w.org\/{rel}","templated":true}]}}