{"id":3606,"date":"2011-02-23T21:35:10","date_gmt":"2011-02-23T20:35:10","guid":{"rendered":"http:\/\/www.anthealein.de\/?p=3606"},"modified":"2011-02-23T21:35:10","modified_gmt":"2011-02-23T20:35:10","slug":"und-die-welt-ist-doch-ein-dorf","status":"publish","type":"post","link":"http:\/\/www.anthealein.de\/?p=3606","title":{"rendered":"Und die Welt ist DOCH ein Dorf!"},"content":{"rendered":"<p align=\"justify\">Als h\u00e4tte ich das Samstag bei der Hochzeit nicht schon gemerkt, gestern wurde es mir auch noch mal best\u00e4tigt. Als ich Jana bei Susanne abholte, hatten die M\u00e4dels sich gerade gezofft und da Schmollzeit angesagt war, zeigte Anne mir einfach mal ein Bild, das sie von ihrem Sportlehrer bekommen hatte. Besagter Sportlehrer unterrichtete schon ihren gro\u00dfen Bruder Lukas, deshalb auch das Foto. Zu sehen ein Sportfest\/-tag. Eine Matteninsel, auf der Werner und Lukas Judo vorf\u00fchren, w\u00e4hrend im Hintergrund und seitlich Kinder und Eltern zu sehen sind. <\/p>\n<p align=\"justify\">Und direkt an der Matte sah ich doch auf dem Foto ein Kind, das mir bekannt vorkam. Genauer hingeschaut und zu Susanne gesagt: \u201cSchau mal, ich glaube da ist mein Neffe\u201d. Und wie wir so plaudern und ich mir noch unsicher bin, entdecke ich ganz am linken Fotorand, die rechte Schulter schon abgeschnitten die Mutter zu dem Kind, die misstrauisch genau beobachtet was der Nachwuchs treibt *lach*. Den hattest du also damals schon gut im Blick, Schwesterchen <img decoding=\"async\" style=\"border-bottom-style: none; border-right-style: none; border-top-style: none; border-left-style: none\" class=\"wlEmoticon wlEmoticon-openmouthedsmile\" alt=\"Smiley mit ge\u00f6ffnetem Mund\" src=\"http:\/\/www.anthealein.de\/wp-content\/uploads\/2011\/02\/wlEmoticon-openmouthedsmile4.png\" \/> .<\/p>\n<p align=\"justify\">&#160;<\/p>\n<p align=\"center\"><a href=\"http:\/\/www.anthealein.de\/wp-content\/uploads\/2011\/02\/23022011.jpg\"><img loading=\"lazy\" decoding=\"async\" style=\"background-image: none; border-bottom: 0px; border-left: 0px; padding-left: 0px; padding-right: 0px; display: inline; border-top: 0px; border-right: 0px; padding-top: 0px\" title=\"23022011\" border=\"0\" alt=\"23022011\" src=\"http:\/\/www.anthealein.de\/wp-content\/uploads\/2011\/02\/23022011_thumb.jpg\" width=\"504\" height=\"504\" \/><\/a><\/p>\n","protected":false},"excerpt":{"rendered":"<p>Als h\u00e4tte ich das Samstag bei der Hochzeit nicht schon gemerkt, gestern wurde es mir auch noch mal best\u00e4tigt. Als ich Jana bei Susanne abholte, hatten die M\u00e4dels sich gerade gezofft und da Schmollzeit angesagt war, zeigte Anne mir einfach mal ein Bild, das sie von ihrem Sportlehrer bekommen hatte. Besagter Sportlehrer unterrichtete schon ihren [&hellip;]<\/p>\n","protected":false},"author":1,"featured_media":0,"comment_status":"open","ping_status":"open","sticky":false,"template":"","format":"standard","meta":{"footnotes":""},"categories":[3],"tags":[],"class_list":["post-3606","post","type-post","status-publish","format-standard","hentry","category-alles-mogliche"],"_links":{"self":[{"href":"http:\/\/www.anthealein.de\/index.php?rest_route=\/wp\/v2\/posts\/3606","targetHints":{"allow":["GET"]}}],"collection":[{"href":"http:\/\/www.anthealein.de\/index.php?rest_route=\/wp\/v2\/posts"}],"about":[{"href":"http:\/\/www.anthealein.de\/index.php?rest_route=\/wp\/v2\/types\/post"}],"author":[{"embeddable":true,"href":"http:\/\/www.anthealein.de\/index.php?rest_route=\/wp\/v2\/users\/1"}],"replies":[{"embeddable":true,"href":"http:\/\/www.anthealein.de\/index.php?rest_route=%2Fwp%2Fv2%2Fcomments&post=3606"}],"version-history":[{"count":0,"href":"http:\/\/www.anthealein.de\/index.php?rest_route=\/wp\/v2\/posts\/3606\/revisions"}],"wp:attachment":[{"href":"http:\/\/www.anthealein.de\/index.php?rest_route=%2Fwp%2Fv2%2Fmedia&parent=3606"}],"wp:term":[{"taxonomy":"category","embeddable":true,"href":"http:\/\/www.anthealein.de\/index.php?rest_route=%2Fwp%2Fv2%2Fcategories&post=3606"},{"taxonomy":"post_tag","embeddable":true,"href":"http:\/\/www.anthealein.de\/index.php?rest_route=%2Fwp%2Fv2%2Ftags&post=3606"}],"curies":[{"name":"wp","href":"https:\/\/api.w.org\/{rel}","templated":true}]}}