{"id":3602,"date":"2011-02-22T21:07:50","date_gmt":"2011-02-22T20:07:50","guid":{"rendered":"http:\/\/www.anthealein.de\/?p=3602"},"modified":"2011-02-22T21:07:50","modified_gmt":"2011-02-22T20:07:50","slug":"mein-baby-g","status":"publish","type":"post","link":"http:\/\/www.anthealein.de\/?p=3602","title":{"rendered":"Mein Baby (*g*) &hellip;"},"content":{"rendered":"<p align=\"justify\">\u2026 wird gro\u00df. Gestern \u2013 Anne zu Besuch, Lena im Schnuppergarten \u2013 klingelte es pl\u00f6tzlich an der T\u00fcr. Ich \u00f6ffnete die T\u00fcr und h\u00f6rte verdutzt Kinder hochstapfen (\u201cmeinst du, sie erinnert sich noch an mich?\u201d H\u00f6h?). Um die Ecke bogen schlussendlich der gro\u00dfe Max mit seinem Freund Justin. Ob Jana da w\u00e4re. Ich lie\u00df die Jungs rein und keine 2 Min. sp\u00e4ter fingen die M\u00e4dels sich an, sich anzuziehen. Mein aufforderndes R\u00e4uspern wurde mit einem \u201cOh! Ach ja. Mama, d\u00fcrfen wir raus?\u201d quittiert. Ich gab gr\u00fcnes Licht, mein Handy in Janas Innentasche und die Anweisung nach rechts max. zum Kiosk und nach links max. zum Spielplatz zu verschwinden. Irgendwas daran hatte Jana nicht verstanden, 15 Min. sp\u00e4ter (sie waren nur auf den Hof gegangen) stand das Kind wieder vor mir, um zu fragen ob sie zum Spielplatz d\u00fcrften *g*. Mal sehen, was das f\u00fcr ein Sommer hier in der Nachbarschaft wird. <\/p>\n<p>Da Chris krank ist, darf ich die n\u00e4chsten Tage endlich mal wieder laufen <img decoding=\"async\" style=\"border-bottom-style: none; border-right-style: none; border-top-style: none; border-left-style: none\" class=\"wlEmoticon wlEmoticon-smile\" alt=\"Smiley\" src=\"http:\/\/www.anthealein.de\/wp-content\/uploads\/2011\/02\/wlEmoticon-smile9.png\" \/> und Lena darf Papa-Exklusiv-Zeit genie\u00dfen. Nur Freitag darf sie zu Susanne, weil da ein evtl. neues Tageskind kommt mit dem sie sich heute schon so gut verstanden hat. <\/p>\n<p>&#160;<\/p>\n<p align=\"center\"><a href=\"http:\/\/www.anthealein.de\/wp-content\/uploads\/2011\/02\/22022011.jpg\"><img loading=\"lazy\" decoding=\"async\" style=\"background-image: none; border-bottom: 0px; border-left: 0px; padding-left: 0px; padding-right: 0px; display: inline; border-top: 0px; border-right: 0px; padding-top: 0px\" title=\"22022011\" border=\"0\" alt=\"22022011\" src=\"http:\/\/www.anthealein.de\/wp-content\/uploads\/2011\/02\/22022011_thumb.jpg\" width=\"504\" height=\"504\" \/><\/a><\/p>\n<p align=\"center\">&#160;<\/p>\n<p align=\"center\"><a href=\"http:\/\/www.anthealein.de\/wp-content\/uploads\/2011\/02\/22022011II.jpg\"><img loading=\"lazy\" decoding=\"async\" style=\"background-image: none; border-bottom: 0px; border-left: 0px; padding-left: 0px; padding-right: 0px; display: inline; border-top: 0px; border-right: 0px; padding-top: 0px\" title=\"22022011II\" border=\"0\" alt=\"22022011II\" src=\"http:\/\/www.anthealein.de\/wp-content\/uploads\/2011\/02\/22022011II_thumb.jpg\" width=\"504\" height=\"504\" \/><\/a><\/p>\n","protected":false},"excerpt":{"rendered":"<p>\u2026 wird gro\u00df. Gestern \u2013 Anne zu Besuch, Lena im Schnuppergarten \u2013 klingelte es pl\u00f6tzlich an der T\u00fcr. Ich \u00f6ffnete die T\u00fcr und h\u00f6rte verdutzt Kinder hochstapfen (\u201cmeinst du, sie erinnert sich noch an mich?\u201d H\u00f6h?). Um die Ecke bogen schlussendlich der gro\u00dfe Max mit seinem Freund Justin. Ob Jana da w\u00e4re. Ich lie\u00df die [&hellip;]<\/p>\n","protected":false},"author":1,"featured_media":0,"comment_status":"open","ping_status":"open","sticky":false,"template":"","format":"standard","meta":{"footnotes":""},"categories":[3],"tags":[],"class_list":["post-3602","post","type-post","status-publish","format-standard","hentry","category-alles-mogliche"],"_links":{"self":[{"href":"http:\/\/www.anthealein.de\/index.php?rest_route=\/wp\/v2\/posts\/3602","targetHints":{"allow":["GET"]}}],"collection":[{"href":"http:\/\/www.anthealein.de\/index.php?rest_route=\/wp\/v2\/posts"}],"about":[{"href":"http:\/\/www.anthealein.de\/index.php?rest_route=\/wp\/v2\/types\/post"}],"author":[{"embeddable":true,"href":"http:\/\/www.anthealein.de\/index.php?rest_route=\/wp\/v2\/users\/1"}],"replies":[{"embeddable":true,"href":"http:\/\/www.anthealein.de\/index.php?rest_route=%2Fwp%2Fv2%2Fcomments&post=3602"}],"version-history":[{"count":0,"href":"http:\/\/www.anthealein.de\/index.php?rest_route=\/wp\/v2\/posts\/3602\/revisions"}],"wp:attachment":[{"href":"http:\/\/www.anthealein.de\/index.php?rest_route=%2Fwp%2Fv2%2Fmedia&parent=3602"}],"wp:term":[{"taxonomy":"category","embeddable":true,"href":"http:\/\/www.anthealein.de\/index.php?rest_route=%2Fwp%2Fv2%2Fcategories&post=3602"},{"taxonomy":"post_tag","embeddable":true,"href":"http:\/\/www.anthealein.de\/index.php?rest_route=%2Fwp%2Fv2%2Ftags&post=3602"}],"curies":[{"name":"wp","href":"https:\/\/api.w.org\/{rel}","templated":true}]}}