{"id":360,"date":"2007-07-23T10:44:23","date_gmt":"2007-07-23T08:44:23","guid":{"rendered":"http:\/\/www.anthealein.de\/?p=360"},"modified":"2007-07-23T10:44:23","modified_gmt":"2007-07-23T08:44:23","slug":"krank-krank-und-nochmals-krank","status":"publish","type":"post","link":"http:\/\/www.anthealein.de\/?p=360","title":{"rendered":"Krank, krank und nochmals krank"},"content":{"rendered":"<p>Ich HASSE Erk\u00e4ltungen *motzmeckeraufstampf*&#8230; Chris und Jana schniefen so ein bi\u00dfl vor sich hin und ich mache mal wieder Rudolf Konkurrenz, huste mir die Lunge aus dem Leib (jaaaaaa,\u00a0Schwesterherz)\u00a0und sterbe *g* so vor mich hin. Und so eine rote Nase tut ja auch gaaaaaaaar nicht weh und sieht sehr schick aus, passend zu den PMS-Pickeln *jammer*<\/p>\n<p>Und weil es mir so ein wenig (untertreib) elend ging, hab ich am Samstag Arbeit gestrichen. Schlie\u00dflich hab ich ab morgen 3 Wochen Sekretariatsvertretung und mu\u00df fit sein. Jana fand es Samstag allerdings ganz toll um kurz nach 5 Mama und Papa zu wecken. Normal eigentlich kein Problem, Papa hat ihr was zu trinken geholt und wollte sie zu uns ins Bett holen. Und da begann dann das Drama. Chris wollte ihr Kissen holen, Jana wollte das aber selber machen. &#8222;O.K.&#8220; hat Chris gesagt, sich wieder hingelegt und sein Kissen zurechtgeklopft. Und das war dann der Ausl\u00f6ser f\u00fcr einen Wut-Heul-Umsichtret-Ausbruch der feinsten Art bei Jana. So war die ganze Familie dann Samstag morgen um 6 Uhr schon wach und angezogen (ich konnte eh nicht mehr schlafen, weil meine Nasennebenh\u00f6hlen unwesentlich weh taten).<\/p>\n<p>Und wenn man\/frau dann schon mal wach ist, kann man ja nicht unt\u00e4tig rumsitzen. Chris sich also die B\u00fcgelw\u00e4sche zur Brust genommen und ich hab gaaaaaaaanz langsam und schnaufend angefangen Badezimmer, K\u00fcche und Flur sauber zu machen. Nebenbei Waschmaschine angestellt, weil diese Woche sehr viel Kigaw\u00e4sche angefallen ist. Und dann um kurz nach 8 Uhr pl\u00f6tzlich ein Megarumpeln und nix ging mehr. Zum Gl\u00fcck hatte ich da noch nicht gewischt, da st\u00f6rte also auch das Wasser auf dem Fu\u00dfboden nicht (W\u00e4sche mu\u00df ja aus der Maschine *seufz*). Chris hat die Maschine dann auseinandergenommen und einen Totalschaden festgestellt.<\/p>\n<p>Nachdem ich mit allem fertig war ist Chris losgezogen mit Jana, Waschmaschine kaufen. Kam wieder, erz\u00e4hlte mir von einer, ich gab mein ok und er &#8211; nett wie er ist &#8211; wollte die alte Maschine schon mal auf den Hausflur schieben. Verga\u00df beim Abbau aber, das die Schl\u00e4uche gut mit Wasser gef\u00fcllt sind. 5 nasse Handt\u00fccher und einige Fl\u00fcche sp\u00e4ter war die Waschmaschine im Flur und ich das 2. Mal\u00a0am wischen. Bei unserer kleinen Wohnung verteilt sich Wasser wunderbar und wenn alle Mann dadurch laufen erst recht, also nochmal ALLES wischen.<\/p>\n<p>Chris wieder weg, fiel mir pl\u00f6tzlich auf, das meine Haare eine W\u00e4sche n\u00f6tig h\u00e4tten *mirselberpiepvogelzeig*. Dank Volldr\u00f6hnung Paracetamol, ACC Akut und Nasenspray ging es mir auch so langsam wieder ein wenig besser und ich tappste ins Badezimmer, hielt meinen Kopf unter den Wasserhahn und ihr ahnt es mit Sicherheit schon: verga\u00df v\u00f6llig, das kein Waschmaschinenschlauch am Abflu\u00df mehr hing. Und da es ein wenig dauerte, bis in meinem benommenen Gehirn das Pl\u00e4tschern ankam, war auch diesmal wieder eine sch\u00f6ne \u00dcberschwemmung angerichtet und ich griff zum Xten-Mal an diesem Tag zu alten Handt\u00fcchern.<\/p>\n<p>Zum guten Schlu\u00df hatte ich dann aber eine neue Waschmaschine stehen, die auch gleich jede Menge (alleine eine Ladung Handt\u00fccher) zu tun bekam.<\/p>\n<p>Sollte ich jetzt noch erw\u00e4hnen, das gestern auch noch jede Menge Wasser von unserem Balkon vorne unten auf die Stra\u00dfe tropfte, weil unser Abflu\u00df v\u00f6llig verstopft war? Unseren Balkon vorne h\u00e4tte man als Planschbecken nutzen k\u00f6nnen und weils so sch\u00f6n ist, ist auch noch jede Menge Wasser durch die T\u00fcr gedr\u00fcckt worden und hat unseren Teppich sch\u00f6n eingeweicht.<\/p>\n<p>Ehrlich: f\u00fcr dieses Jahr hab ich mehr als genug vom Wasser. Erst die Geschirrsp\u00fcler-Aktion vor einiger Zeit und jetzt dieser Mist. Fehlt eigentlich nur noch ein Wasserschaden von unseren Nachbarn oben *aufHolzklopf*&#8230;<\/p>\n<p style=\"text-align: center\">Aber zu den angenehmen Sachen: vor ein paar Tagen schon hab ich ein wundersch\u00f6nes Schenki von Janosch bekommen und v\u00f6llig vergessen, es hier zu zeigen. Das wird hiermit nachgeholt *knuddel*<br \/>\n<img decoding=\"async\" src=\"http:\/\/www.anthealein.de\/wp-content\/uploads\/2007\/07\/jana1.jpg\" alt=\"jana1.jpg\" \/><\/p>\n<p style=\"text-align: center\">&nbsp;<\/p>\n<p style=\"text-align: center\">Dann hatte ich Freitag schon angefangen ein Scraplift f\u00fcrs FOS zu machen, hab es aber erst heute fertig bekommen:<br \/>\n<img decoding=\"async\" src=\"http:\/\/www.anthealein.de\/wp-content\/uploads\/2007\/07\/sommerfest2.jpg\" alt=\"sommerfest2.jpg\" \/><br \/>\nReverie by the Scrapartist Team,<br \/>\nFrame by Gisela,<br \/>\nFlowerdoodle by Weeds and Wildflowers<\/p>\n<p style=\"text-align: center\">&nbsp;<\/p>\n<p style=\"text-align: center\">Und die neue ADSR-Aufgabe hab ich dann auch noch schnell gemacht:<br \/>\n<img decoding=\"async\" src=\"http:\/\/www.anthealein.de\/wp-content\/uploads\/2007\/07\/adsr3.jpg\" alt=\"adsr3.jpg\" \/><br \/>\nReverie by the Scrapartist Team,<br \/>\nFrame by KSharonk,<br \/>\nTorn and Curled Template by Jen Caputo,<br \/>\nRest by Weeds and Wildflowers<\/p>\n","protected":false},"excerpt":{"rendered":"<p>Ich HASSE Erk\u00e4ltungen *motzmeckeraufstampf*&#8230; Chris und Jana schniefen so ein bi\u00dfl vor sich hin und ich mache mal wieder Rudolf Konkurrenz, huste mir die Lunge aus dem Leib (jaaaaaa,\u00a0Schwesterherz)\u00a0und sterbe *g* so vor mich hin. Und so eine rote Nase tut ja auch gaaaaaaaar nicht weh und sieht sehr schick aus, passend zu den PMS-Pickeln [&hellip;]<\/p>\n","protected":false},"author":1,"featured_media":0,"comment_status":"open","ping_status":"open","sticky":false,"template":"","format":"standard","meta":{"footnotes":""},"categories":[3,4],"tags":[],"class_list":["post-360","post","type-post","status-publish","format-standard","hentry","category-alles-mogliche","category-scraps-und-co"],"_links":{"self":[{"href":"http:\/\/www.anthealein.de\/index.php?rest_route=\/wp\/v2\/posts\/360","targetHints":{"allow":["GET"]}}],"collection":[{"href":"http:\/\/www.anthealein.de\/index.php?rest_route=\/wp\/v2\/posts"}],"about":[{"href":"http:\/\/www.anthealein.de\/index.php?rest_route=\/wp\/v2\/types\/post"}],"author":[{"embeddable":true,"href":"http:\/\/www.anthealein.de\/index.php?rest_route=\/wp\/v2\/users\/1"}],"replies":[{"embeddable":true,"href":"http:\/\/www.anthealein.de\/index.php?rest_route=%2Fwp%2Fv2%2Fcomments&post=360"}],"version-history":[{"count":0,"href":"http:\/\/www.anthealein.de\/index.php?rest_route=\/wp\/v2\/posts\/360\/revisions"}],"wp:attachment":[{"href":"http:\/\/www.anthealein.de\/index.php?rest_route=%2Fwp%2Fv2%2Fmedia&parent=360"}],"wp:term":[{"taxonomy":"category","embeddable":true,"href":"http:\/\/www.anthealein.de\/index.php?rest_route=%2Fwp%2Fv2%2Fcategories&post=360"},{"taxonomy":"post_tag","embeddable":true,"href":"http:\/\/www.anthealein.de\/index.php?rest_route=%2Fwp%2Fv2%2Ftags&post=360"}],"curies":[{"name":"wp","href":"https:\/\/api.w.org\/{rel}","templated":true}]}}