{"id":3577,"date":"2011-02-18T21:22:27","date_gmt":"2011-02-18T20:22:27","guid":{"rendered":"http:\/\/www.anthealein.de\/?p=3577"},"modified":"2011-02-18T21:22:27","modified_gmt":"2011-02-18T20:22:27","slug":"grummel-7","status":"publish","type":"post","link":"http:\/\/www.anthealein.de\/?p=3577","title":{"rendered":"*grummel*"},"content":{"rendered":"<p align=\"justify\">War ja klar, das ich mir einen Tag vor der Hochzeit noch eine dicke fette Erk\u00e4ltung anlache. Ging gestern schon los mit Halsschmerzen und heute sah man mir die Erk\u00e4ltung schon deutlich an *seufz*. Nun schone ich mich und hoffe, wenigstens morgen zur Trauung fit zu sein. Die abendliche Feier k\u00f6nnte zur Not ausfallen, aber beim Ja-Wort will ich dabei sein, jawoll!!!<\/p>\n<p align=\"justify\">Die Kinder waren heute morgen extrem fr\u00fch wach und schauten direkt nach ihren Meeris. Chris schmiss mich dann aus dem Bett um Lena fertig zu machen (die laut Sanne heute den ganzen Tag das liebste Kind der Welt war) und um halb 8 Uhr war ich schon wieder alleine hier. <\/p>\n<p align=\"justify\">Ich hab dann hier halbwegs Ordnung gemacht, bin eben zum Hermes Shop um die Ecke gefahren und dann ab zur Arbeit. Die erste Stunde Ausleihe mit D. zusammen gemacht, mir aus Chefs B\u00fcro die neuen CDs geholt (er ist momentan krank), den Beurteilungszettel unserer Azubine ausgef\u00fcllt und Mittagspause gemacht. Auf dem R\u00fcckweg aus der Stadt wurde ich \u2013 wie sollte es auch anders sein \u2013 von einem Benutzer angemotzt. Ich stand an der Ampel, wollte meine Nase putzen und das Taschentuch flog mir einfach aus der Hand auf die Stra\u00dfe. Ich machte Anstalten mich danach zu b\u00fccken, aber Schwindel \u00fcberzeugte mich doch davon, das Taschentuch Taschentuch sein zu lassen. Und prompt bekam ich den Kommentar, ob ich meinen M\u00fcll nicht aufheben wolle. Ich erkl\u00e4r ihm gerne das n\u00e4chste Mal, wieso ich das lieber sein gelassen habe. Wieder zur\u00fcck auf der Arbeit bemerkte Frau R. im Sozialraum, das ich noch schreiben m\u00fcsse das wir wieder unsere Etiketten f\u00fcr die Beschriftungsger\u00e4te vorr\u00e4tig haben. Hab ich hiermit getan *g* und diesmal hab ich auch eine auf Vorrat im Schreibtisch gebunkert. Schon erstaunlich manchmal, WER hier so alles mitliest. Meine CDs fertig gemacht, Ausleihe mit Anke gehabt und: Feierabend!<\/p>\n<p align=\"justify\">Ach ja, Jana hat heute ihre erste Mathe-\u201cLernstandskontrolle\u201d zur\u00fcck bekommen und hat 22,5 von 24 Punkten erreicht <img decoding=\"async\" style=\"border-bottom-style: none; border-right-style: none; border-top-style: none; border-left-style: none\" class=\"wlEmoticon wlEmoticon-openmouthedsmile\" alt=\"Smiley mit ge\u00f6ffnetem Mund\" src=\"http:\/\/www.anthealein.de\/wp-content\/uploads\/2011\/02\/wlEmoticon-openmouthedsmile2.png\" \/> . <\/p>\n<p align=\"justify\">Morgen fr\u00fch Haarschmuck f\u00fcr Jana raussuchen und gaaaaaaaaanz fr\u00fch aufbrechen zu Schwies. <\/p>\n<p align=\"justify\">&#160;<\/p>\n<p align=\"center\"><a href=\"http:\/\/www.anthealein.de\/wp-content\/uploads\/2011\/02\/18022011.jpg\"><img loading=\"lazy\" decoding=\"async\" style=\"background-image: none; border-bottom: 0px; border-left: 0px; padding-left: 0px; padding-right: 0px; display: inline; border-top: 0px; border-right: 0px; padding-top: 0px\" title=\"18022011\" border=\"0\" alt=\"18022011\" src=\"http:\/\/www.anthealein.de\/wp-content\/uploads\/2011\/02\/18022011_thumb.jpg\" width=\"504\" height=\"504\" \/><\/a>    <br \/>Nun darf auch Lena fahren *g*<\/p>\n<p align=\"center\">&#160;<\/p>\n<p align=\"center\"><a href=\"http:\/\/www.anthealein.de\/wp-content\/uploads\/2011\/02\/18022011II.jpg\"><img loading=\"lazy\" decoding=\"async\" style=\"background-image: none; border-bottom: 0px; border-left: 0px; padding-left: 0px; padding-right: 0px; display: inline; border-top: 0px; border-right: 0px; padding-top: 0px\" title=\"18022011II\" border=\"0\" alt=\"18022011II\" src=\"http:\/\/www.anthealein.de\/wp-content\/uploads\/2011\/02\/18022011II_thumb.jpg\" width=\"504\" height=\"504\" \/><\/a>    <br \/>Cini (Lena) + Paula (Chris)<\/p>\n<p align=\"center\">&#160;<\/p>\n<p align=\"center\"><a href=\"http:\/\/www.anthealein.de\/wp-content\/uploads\/2011\/02\/18022011III.jpg\"><img loading=\"lazy\" decoding=\"async\" style=\"background-image: none; border-bottom: 0px; border-left: 0px; padding-left: 0px; padding-right: 0px; display: inline; border-top: 0px; border-right: 0px; padding-top: 0px\" title=\"18022011III\" border=\"0\" alt=\"18022011III\" src=\"http:\/\/www.anthealein.de\/wp-content\/uploads\/2011\/02\/18022011III_thumb.jpg\" width=\"504\" height=\"504\" \/><\/a><\/p>\n","protected":false},"excerpt":{"rendered":"<p>War ja klar, das ich mir einen Tag vor der Hochzeit noch eine dicke fette Erk\u00e4ltung anlache. Ging gestern schon los mit Halsschmerzen und heute sah man mir die Erk\u00e4ltung schon deutlich an *seufz*. Nun schone ich mich und hoffe, wenigstens morgen zur Trauung fit zu sein. Die abendliche Feier k\u00f6nnte zur Not ausfallen, aber [&hellip;]<\/p>\n","protected":false},"author":1,"featured_media":0,"comment_status":"open","ping_status":"open","sticky":false,"template":"","format":"standard","meta":{"footnotes":""},"categories":[3],"tags":[],"class_list":["post-3577","post","type-post","status-publish","format-standard","hentry","category-alles-mogliche"],"_links":{"self":[{"href":"http:\/\/www.anthealein.de\/index.php?rest_route=\/wp\/v2\/posts\/3577","targetHints":{"allow":["GET"]}}],"collection":[{"href":"http:\/\/www.anthealein.de\/index.php?rest_route=\/wp\/v2\/posts"}],"about":[{"href":"http:\/\/www.anthealein.de\/index.php?rest_route=\/wp\/v2\/types\/post"}],"author":[{"embeddable":true,"href":"http:\/\/www.anthealein.de\/index.php?rest_route=\/wp\/v2\/users\/1"}],"replies":[{"embeddable":true,"href":"http:\/\/www.anthealein.de\/index.php?rest_route=%2Fwp%2Fv2%2Fcomments&post=3577"}],"version-history":[{"count":0,"href":"http:\/\/www.anthealein.de\/index.php?rest_route=\/wp\/v2\/posts\/3577\/revisions"}],"wp:attachment":[{"href":"http:\/\/www.anthealein.de\/index.php?rest_route=%2Fwp%2Fv2%2Fmedia&parent=3577"}],"wp:term":[{"taxonomy":"category","embeddable":true,"href":"http:\/\/www.anthealein.de\/index.php?rest_route=%2Fwp%2Fv2%2Fcategories&post=3577"},{"taxonomy":"post_tag","embeddable":true,"href":"http:\/\/www.anthealein.de\/index.php?rest_route=%2Fwp%2Fv2%2Ftags&post=3577"}],"curies":[{"name":"wp","href":"https:\/\/api.w.org\/{rel}","templated":true}]}}