{"id":3569,"date":"2011-02-17T21:31:50","date_gmt":"2011-02-17T20:31:50","guid":{"rendered":"http:\/\/www.anthealein.de\/?p=3569"},"modified":"2011-02-17T21:31:50","modified_gmt":"2011-02-17T20:31:50","slug":"sie-sind-dahaaaaa-freu","status":"publish","type":"post","link":"http:\/\/www.anthealein.de\/?p=3569","title":{"rendered":"Sie sind dahaaaaa *freu*"},"content":{"rendered":"<p>2 neue Mitbewohner haben wir vorhin abgeholt. Einmal meine Favoritin und Lena entschied sich dann noch f\u00fcr ein anderes Meerschwein. Hei\u00dfen sollen die beiden \u201cPaula\u201d (Jana) und \u201cCini\u201d (Lena). Beide sind jetzt schon flei\u00dfig am gurren im K\u00e4fig und trauen sich aus dem Haus auch schon raus <img decoding=\"async\" style=\"border-bottom-style: none; border-right-style: none; border-top-style: none; border-left-style: none\" class=\"wlEmoticon wlEmoticon-smile\" alt=\"Smiley\" src=\"http:\/\/www.anthealein.de\/wp-content\/uploads\/2011\/02\/wlEmoticon-smile8.png\" \/> . <\/p>\n<p>Ansonsten hie\u00df es heute: raus an die frische Luft und ab in die Stadt. Morgen den ganzen Tag Arbeit, Samstag morgen dann zu Schwies. Uns fertig machen, Lena f\u00e4hrt mit Opa dann zur Autowerkstatt, wir fahren zur Hochzeit. Und nach dem Sektempfang holen wir dann Lena wieder ab, erledigen den Einkauf, sammeln Valeska ein und fahren dann kurz vor 19 Uhr zur Feier.<\/p>\n<p>&#160;<\/p>\n<p align=\"center\"><a href=\"http:\/\/www.anthealein.de\/wp-content\/uploads\/2011\/02\/17022011.jpg\"><img loading=\"lazy\" decoding=\"async\" style=\"background-image: none; border-bottom: 0px; border-left: 0px; padding-left: 0px; padding-right: 0px; display: inline; border-top: 0px; border-right: 0px; padding-top: 0px\" title=\"17022011\" border=\"0\" alt=\"17022011\" src=\"http:\/\/www.anthealein.de\/wp-content\/uploads\/2011\/02\/17022011_thumb.jpg\" width=\"504\" height=\"504\" \/><\/a><\/p>\n","protected":false},"excerpt":{"rendered":"<p>2 neue Mitbewohner haben wir vorhin abgeholt. Einmal meine Favoritin und Lena entschied sich dann noch f\u00fcr ein anderes Meerschwein. Hei\u00dfen sollen die beiden \u201cPaula\u201d (Jana) und \u201cCini\u201d (Lena). Beide sind jetzt schon flei\u00dfig am gurren im K\u00e4fig und trauen sich aus dem Haus auch schon raus . Ansonsten hie\u00df es heute: raus an die [&hellip;]<\/p>\n","protected":false},"author":1,"featured_media":0,"comment_status":"open","ping_status":"open","sticky":false,"template":"","format":"standard","meta":{"footnotes":""},"categories":[3],"tags":[],"class_list":["post-3569","post","type-post","status-publish","format-standard","hentry","category-alles-mogliche"],"_links":{"self":[{"href":"http:\/\/www.anthealein.de\/index.php?rest_route=\/wp\/v2\/posts\/3569","targetHints":{"allow":["GET"]}}],"collection":[{"href":"http:\/\/www.anthealein.de\/index.php?rest_route=\/wp\/v2\/posts"}],"about":[{"href":"http:\/\/www.anthealein.de\/index.php?rest_route=\/wp\/v2\/types\/post"}],"author":[{"embeddable":true,"href":"http:\/\/www.anthealein.de\/index.php?rest_route=\/wp\/v2\/users\/1"}],"replies":[{"embeddable":true,"href":"http:\/\/www.anthealein.de\/index.php?rest_route=%2Fwp%2Fv2%2Fcomments&post=3569"}],"version-history":[{"count":0,"href":"http:\/\/www.anthealein.de\/index.php?rest_route=\/wp\/v2\/posts\/3569\/revisions"}],"wp:attachment":[{"href":"http:\/\/www.anthealein.de\/index.php?rest_route=%2Fwp%2Fv2%2Fmedia&parent=3569"}],"wp:term":[{"taxonomy":"category","embeddable":true,"href":"http:\/\/www.anthealein.de\/index.php?rest_route=%2Fwp%2Fv2%2Fcategories&post=3569"},{"taxonomy":"post_tag","embeddable":true,"href":"http:\/\/www.anthealein.de\/index.php?rest_route=%2Fwp%2Fv2%2Ftags&post=3569"}],"curies":[{"name":"wp","href":"https:\/\/api.w.org\/{rel}","templated":true}]}}