{"id":3561,"date":"2011-02-15T21:33:01","date_gmt":"2011-02-15T20:33:01","guid":{"rendered":"http:\/\/www.anthealein.de\/?p=3561"},"modified":"2011-02-15T21:33:20","modified_gmt":"2011-02-15T20:33:20","slug":"kindermnder","status":"publish","type":"post","link":"http:\/\/www.anthealein.de\/?p=3561","title":{"rendered":"Kinderm&uuml;nder"},"content":{"rendered":"<p align=\"justify\">Lena heute Abend auf der Suche nach der Fernbedienung (die oben auf dem Schrank lag): \u201cWenn ich gro\u00df bin, werde ich auch eine Mama!\u201d Ich nat\u00fcrlich: \u201cNa, das hoffe ich doch, dann werde ich eine Oma\u201d. Sie \u2013 nach kurzem \u00fcberlegen \u2013 : \u201cDann komm ich auch an die Fernbedienung\u201d. <\/p>\n<p align=\"justify\">Jana, nicht viel sp\u00e4ter beim Thema \u201cs\u00fc\u00df\u201d (keine Ahnung, wie wir beim Vorlesen darauf kam). \u201cMama, du bist nicht s\u00fc\u00df, du bist nur nett. Mamas k\u00f6nnen nicht s\u00fc\u00df sein, das finden h\u00f6chstens die Papas.\u201d. Was soll ich darauf noch sagen?<\/p>\n<p align=\"justify\">&#160;<\/p>\n<p align=\"center\"><a href=\"http:\/\/www.anthealein.de\/wp-content\/uploads\/2011\/02\/15022011.jpg\"><img loading=\"lazy\" decoding=\"async\" style=\"background-image: none; border-bottom: 0px; border-left: 0px; padding-left: 0px; padding-right: 0px; display: inline; border-top: 0px; border-right: 0px; padding-top: 0px\" title=\"15022011\" border=\"0\" alt=\"15022011\" src=\"http:\/\/www.anthealein.de\/wp-content\/uploads\/2011\/02\/15022011_thumb.jpg\" width=\"504\" height=\"504\" \/><\/a>    <br \/>Man sieht was wir gemacht haben, w\u00e4hrend Alina und Jana in Janas Zimmer waren.<\/p>\n","protected":false},"excerpt":{"rendered":"<p>Lena heute Abend auf der Suche nach der Fernbedienung (die oben auf dem Schrank lag): \u201cWenn ich gro\u00df bin, werde ich auch eine Mama!\u201d Ich nat\u00fcrlich: \u201cNa, das hoffe ich doch, dann werde ich eine Oma\u201d. Sie \u2013 nach kurzem \u00fcberlegen \u2013 : \u201cDann komm ich auch an die Fernbedienung\u201d. Jana, nicht viel sp\u00e4ter beim [&hellip;]<\/p>\n","protected":false},"author":1,"featured_media":0,"comment_status":"open","ping_status":"open","sticky":false,"template":"","format":"standard","meta":{"footnotes":""},"categories":[3],"tags":[],"class_list":["post-3561","post","type-post","status-publish","format-standard","hentry","category-alles-mogliche"],"_links":{"self":[{"href":"http:\/\/www.anthealein.de\/index.php?rest_route=\/wp\/v2\/posts\/3561","targetHints":{"allow":["GET"]}}],"collection":[{"href":"http:\/\/www.anthealein.de\/index.php?rest_route=\/wp\/v2\/posts"}],"about":[{"href":"http:\/\/www.anthealein.de\/index.php?rest_route=\/wp\/v2\/types\/post"}],"author":[{"embeddable":true,"href":"http:\/\/www.anthealein.de\/index.php?rest_route=\/wp\/v2\/users\/1"}],"replies":[{"embeddable":true,"href":"http:\/\/www.anthealein.de\/index.php?rest_route=%2Fwp%2Fv2%2Fcomments&post=3561"}],"version-history":[{"count":1,"href":"http:\/\/www.anthealein.de\/index.php?rest_route=\/wp\/v2\/posts\/3561\/revisions"}],"predecessor-version":[{"id":3562,"href":"http:\/\/www.anthealein.de\/index.php?rest_route=\/wp\/v2\/posts\/3561\/revisions\/3562"}],"wp:attachment":[{"href":"http:\/\/www.anthealein.de\/index.php?rest_route=%2Fwp%2Fv2%2Fmedia&parent=3561"}],"wp:term":[{"taxonomy":"category","embeddable":true,"href":"http:\/\/www.anthealein.de\/index.php?rest_route=%2Fwp%2Fv2%2Fcategories&post=3561"},{"taxonomy":"post_tag","embeddable":true,"href":"http:\/\/www.anthealein.de\/index.php?rest_route=%2Fwp%2Fv2%2Ftags&post=3561"}],"curies":[{"name":"wp","href":"https:\/\/api.w.org\/{rel}","templated":true}]}}