{"id":3558,"date":"2011-02-14T21:33:31","date_gmt":"2011-02-14T20:33:31","guid":{"rendered":"http:\/\/www.anthealein.de\/?p=3558"},"modified":"2011-02-14T21:33:31","modified_gmt":"2011-02-14T20:33:31","slug":"murmeltier-murmeltier","status":"publish","type":"post","link":"http:\/\/www.anthealein.de\/?p=3558","title":{"rendered":"Murmeltier? Murmeltier!"},"content":{"rendered":"<p align=\"justify\">Gestern Abend, 23.50 Uhr: Lena kommt. Mal wieder *seufz*. H\u00e4tte mir nach gestern \u2013 erst fr\u00fch aufwachen, dann ohne Mittagsschlaf um 18 Uhr hysterisch br\u00fcllend nach ihrem Bett verlangen \u2013 eigentlich klar sein m\u00fcssen. <\/p>\n<p align=\"justify\">&#8211; 0.20 Uhr: ich will auch ins Bett und w\u00e4hrend ich am Z\u00e4hne putzen bin, h\u00f6re ich den Zwerg schon antrappsen. \u201cBin waaaaaahaaaaaaach\u201d schallt es mir entgegen. Ach neeeee\u2026   <br \/>&#8211; 0.30 Uhr: \u201cStreicheln!!!\u201d. Ey, ey Sir!    <br \/>&#8211; 1.10 Uhr: Ich habe es anscheinend gewagt, einzuschlafen. Jemand zieht mir an den Haaren, um mich aufzuwecken. \u201cStreicheln!!!\u201d. O.K., aber erst geh ich wohin.     <br \/>&#8211; 1.30 Uhr: Dito    <br \/>&#8211; 2.05 Uhr: Noch streichel ich, als mir pl\u00f6tzlich erz\u00e4hlt wird: \u201cKenn Ebba gar nicht, kenn nur Melanie und Jack\u201d. H\u00e4? Da Ebba Melanies Tochter und Jacks Schwester ist und Lena bis jetzt wunderbar gespielt hat, bezweifele ich das einfach mal.     <br \/>&#8211; 2.30 Uhr: s. 1.10 Uhr    <br \/>&#8211; Ich schau nicht mehr auf die Uhr, aber es muss kurz vor Waschb\u00e4rzeit gewesen sein: ich renne schon wieder *grummel*.    <br \/>&#8211; 3.17 Uhr: Zum letzten Mal diese Nacht bekomme ich den Befehl, gef\u00e4lligst weiter zu machen und ein paar Minuten sp\u00e4ter darf ich endlich schlafen.     <br \/>&#8211; 7.00 Uhr: Die Fr\u00fchst\u00fccksdiskussion weckt mich, aber ich versuche noch ein wenig weiter zu schlafen. 10 Minuten sp\u00e4ter weckt Lena mich dann aber doch. <\/p>\n<p align=\"justify\">Schlaf? Braucht man den?<\/p>\n<p align=\"justify\">Ich bin dann heute morgen mit Lena zu Udo und Hanna gefahren, auf dem R\u00fcckweg schlief sie dann schon sein und ich hab heute mal einen Faulenzertag eingelegt und die 1,5 Stunden stumpf mit Lesen verbracht. Jana geholt und direkt mit den Kindern zu Fre\u00dfnapf rausgefahren. Einen K\u00e4fig ergattert (f\u00fcr 20 Euro so unschlagbar g\u00fcnstig, das wir uns den doch nicht von C. leihen), Futter, Streu, Wasserflasche, Haus und co.. Den K\u00e4fig haben wir dagelassen und Abends von Chris abholen lassen, der passte nicht mehr ins Auto. <\/p>\n<p align=\"justify\">Jana wollte heute nicht zum Tanzen, daf\u00fcr hatte ich mal wieder Anne hier und kurz nach 16 Uhr kam dann auch noch Jack dazu. Ebba und Lena haben sich derweil im Schnuppergarten vergn\u00fcgt. Und heute gab es auch die offizielle briefliche Zusage: wir haben den Platz! *jubel*. Ab 01.08. ist Lena (wenigstens auf dem Papier, der richtige Starttag ist ein anderer) ein Spielhauskind <img decoding=\"async\" style=\"border-bottom-style: none; border-right-style: none; border-top-style: none; border-left-style: none\" class=\"wlEmoticon wlEmoticon-openmouthedsmile\" alt=\"Smiley mit ge\u00f6ffnetem Mund\" src=\"http:\/\/www.anthealein.de\/wp-content\/uploads\/2011\/02\/wlEmoticon-openmouthedsmile1.png\" \/> . <\/p>\n<p align=\"justify\">Spielzimmer und K\u00e4fig ist erledigt, Schuhe hab ich dank Jana noch keine, Meerschweinchen holen wir am Donnerstag Abend, Friseur werde ich diese Woche wohl leider doch nicht mehr schaffen da morgen Alina kommt, \u00fcbermorgen Janas Tanzen (und meine Schuhe) ist und am Donnerstag werde ich ein Geschenk besorgen m\u00fcssen. Hach ja, und einkaufen m\u00fcsste ich morgen irgendwann auch noch. <\/p>\n<p align=\"justify\">&#160;<\/p>\n<p align=\"center\"><a href=\"http:\/\/www.anthealein.de\/wp-content\/uploads\/2011\/02\/14022011.jpg\"><img loading=\"lazy\" decoding=\"async\" style=\"background-image: none; border-bottom: 0px; border-left: 0px; padding-left: 0px; padding-right: 0px; display: inline; border-top: 0px; border-right: 0px; padding-top: 0px\" title=\"14022011\" border=\"0\" alt=\"14022011\" src=\"http:\/\/www.anthealein.de\/wp-content\/uploads\/2011\/02\/14022011_thumb.jpg\" width=\"504\" height=\"504\" \/><\/a><\/p>\n","protected":false},"excerpt":{"rendered":"<p>Gestern Abend, 23.50 Uhr: Lena kommt. Mal wieder *seufz*. H\u00e4tte mir nach gestern \u2013 erst fr\u00fch aufwachen, dann ohne Mittagsschlaf um 18 Uhr hysterisch br\u00fcllend nach ihrem Bett verlangen \u2013 eigentlich klar sein m\u00fcssen. &#8211; 0.20 Uhr: ich will auch ins Bett und w\u00e4hrend ich am Z\u00e4hne putzen bin, h\u00f6re ich den Zwerg schon antrappsen. [&hellip;]<\/p>\n","protected":false},"author":1,"featured_media":0,"comment_status":"open","ping_status":"open","sticky":false,"template":"","format":"standard","meta":{"footnotes":""},"categories":[3],"tags":[],"class_list":["post-3558","post","type-post","status-publish","format-standard","hentry","category-alles-mogliche"],"_links":{"self":[{"href":"http:\/\/www.anthealein.de\/index.php?rest_route=\/wp\/v2\/posts\/3558","targetHints":{"allow":["GET"]}}],"collection":[{"href":"http:\/\/www.anthealein.de\/index.php?rest_route=\/wp\/v2\/posts"}],"about":[{"href":"http:\/\/www.anthealein.de\/index.php?rest_route=\/wp\/v2\/types\/post"}],"author":[{"embeddable":true,"href":"http:\/\/www.anthealein.de\/index.php?rest_route=\/wp\/v2\/users\/1"}],"replies":[{"embeddable":true,"href":"http:\/\/www.anthealein.de\/index.php?rest_route=%2Fwp%2Fv2%2Fcomments&post=3558"}],"version-history":[{"count":0,"href":"http:\/\/www.anthealein.de\/index.php?rest_route=\/wp\/v2\/posts\/3558\/revisions"}],"wp:attachment":[{"href":"http:\/\/www.anthealein.de\/index.php?rest_route=%2Fwp%2Fv2%2Fmedia&parent=3558"}],"wp:term":[{"taxonomy":"category","embeddable":true,"href":"http:\/\/www.anthealein.de\/index.php?rest_route=%2Fwp%2Fv2%2Fcategories&post=3558"},{"taxonomy":"post_tag","embeddable":true,"href":"http:\/\/www.anthealein.de\/index.php?rest_route=%2Fwp%2Fv2%2Ftags&post=3558"}],"curies":[{"name":"wp","href":"https:\/\/api.w.org\/{rel}","templated":true}]}}