{"id":3541,"date":"2011-02-11T21:12:01","date_gmt":"2011-02-11T20:12:01","guid":{"rendered":"http:\/\/www.anthealein.de\/?p=3541"},"modified":"2011-02-11T21:12:01","modified_gmt":"2011-02-11T20:12:01","slug":"gerche-zahlenwrmchen-fehlende-bnder-und-co","status":"publish","type":"post","link":"http:\/\/www.anthealein.de\/?p=3541","title":{"rendered":"Ger&uuml;che, Zahlenw&uuml;rmchen, fehlende B&auml;nder und co."},"content":{"rendered":"<p align=\"justify\">Heute morgen \u2013 nach einer ruhigen Nacht \u2013 hat Chris mich geweckt, weil ich Lena fertig machen sollte. Jana tr\u00f6delig, Chris schlecht geschlafen und somit auch schlecht gelaunt und mir gab Lena direkt auf dem Wickeltisch zu verstehen: \u201cIh Mama, du stinkst!\u201d. Na super, Z\u00e4hne waren ja auch noch nicht geputzt. Und nachdem sie den Sachbestand noch min. 5x betonte, entdeckte sie die Punkte auf meinem Schlafanzug und fing an zu z\u00e4hlen: 1, 2, 3, 4, 5, 6, 7, 8, 9, \u2013 kurzes \u00dcberlegen \u2013 19 *g*. Kurz sprach ich dann auch noch mit ihr \u00fcber \u201cunsere\u201d Meerschweinchen. Eigentlich wollte Lena gern einen \u201cFelix\u201d, da wir aber ja wohl Weibchen bekommen, erkl\u00e4rte ich ihr das sie einen anderen Namen w\u00e4hlen m\u00fcsse. Daraufhin kam von ihr nur trocken, das sie einen schwarzen Felix haben will *lach*. <\/p>\n<p align=\"justify\">A propos: <\/p>\n<p align=\"justify\">&#160;<\/p>\n<p align=\"center\"><a href=\"http:\/\/www.anthealein.de\/wp-content\/uploads\/2011\/02\/71208a0_23.jpg\"><img loading=\"lazy\" decoding=\"async\" style=\"background-image: none; border-bottom: 0px; border-left: 0px; padding-left: 0px; padding-right: 0px; display: inline; border-top: 0px; border-right: 0px; padding-top: 0px\" title=\"71208a0_23\" border=\"0\" alt=\"71208a0_23\" src=\"http:\/\/www.anthealein.de\/wp-content\/uploads\/2011\/02\/71208a0_23_thumb.jpg\" width=\"434\" height=\"291\" \/><\/a>    <br \/>Meine Liebe auf den ersten Blick gef\u00e4llt Jana zum Gl\u00fcck auch \u2026<\/p>\n<p align=\"center\">&#160;<\/p>\n<p align=\"center\"><a href=\"http:\/\/www.anthealein.de\/wp-content\/uploads\/2011\/02\/1131362_23.jpg\"><img loading=\"lazy\" decoding=\"async\" style=\"background-image: none; border-bottom: 0px; border-left: 0px; padding-left: 0px; padding-right: 0px; display: inline; border-top: 0px; border-right: 0px; padding-top: 0px\" title=\"1131362_23\" border=\"0\" alt=\"1131362_23\" src=\"http:\/\/www.anthealein.de\/wp-content\/uploads\/2011\/02\/1131362_23_thumb.jpg\" width=\"434\" height=\"291\" \/><\/a>    <br \/>Die muss ich Lena morgen noch zeigen, aber ich nehme an, das sie sie lieben wird. <\/p>\n<p align=\"center\">&#160;<\/p>\n<p align=\"justify\">Chris nahm dann Lena mit zur Schule und \u00fcbergab sie dort an Susanne und ich konnte endlich mal wieder zur Arbeit laufen. Fr\u00fchst\u00fcck, Glattmachen und dann wanderten wir zu Kunst hoch um zu r\u00fccken. Ausleihe, Mittagspause und eigentlich h\u00e4tte ich dann gerne Titelaufnahmen gemacht. Eigentlich, weil im ganzen Haus keine B\u00e4nder mehr f\u00fcr unsere Beschriftungsger\u00e4te aufzufinden sind. F\u00fcr die Einarbeitung der CDs leider unerl\u00e4sslich. Hab ich halt einen Gro\u00dfteil der Musikbuchpflege schon erledigt und den Rest mach ich dann morgen fr\u00fch. Da ich ja um 15 Uhr schon wieder Feierabend machen will wegen dem Junggesellinnenabschied, werde ich morgen schon um 8.30 Uhr alleine auf der Arbeit rumd\u00fcdeln. <\/p>\n<p align=\"justify\">Morgen Abend dann: Bild viel, viel sp\u00e4ter als gewohnt <img decoding=\"async\" style=\"border-bottom-style: none; border-right-style: none; border-top-style: none; border-left-style: none\" class=\"wlEmoticon wlEmoticon-smile\" alt=\"Smiley\" src=\"http:\/\/www.anthealein.de\/wp-content\/uploads\/2011\/02\/wlEmoticon-smile5.png\" \/> . <\/p>\n<p align=\"justify\">&#160;<\/p>\n<p align=\"center\"><a href=\"http:\/\/www.anthealein.de\/wp-content\/uploads\/2011\/02\/11022011.jpg\"><img loading=\"lazy\" decoding=\"async\" style=\"background-image: none; border-bottom: 0px; border-left: 0px; padding-left: 0px; padding-right: 0px; display: inline; border-top: 0px; border-right: 0px; padding-top: 0px\" title=\"11022011\" border=\"0\" alt=\"11022011\" src=\"http:\/\/www.anthealein.de\/wp-content\/uploads\/2011\/02\/11022011_thumb.jpg\" width=\"504\" height=\"504\" \/><\/a><\/p>\n","protected":false},"excerpt":{"rendered":"<p>Heute morgen \u2013 nach einer ruhigen Nacht \u2013 hat Chris mich geweckt, weil ich Lena fertig machen sollte. Jana tr\u00f6delig, Chris schlecht geschlafen und somit auch schlecht gelaunt und mir gab Lena direkt auf dem Wickeltisch zu verstehen: \u201cIh Mama, du stinkst!\u201d. Na super, Z\u00e4hne waren ja auch noch nicht geputzt. Und nachdem sie den [&hellip;]<\/p>\n","protected":false},"author":1,"featured_media":0,"comment_status":"open","ping_status":"open","sticky":false,"template":"","format":"standard","meta":{"footnotes":""},"categories":[3],"tags":[],"class_list":["post-3541","post","type-post","status-publish","format-standard","hentry","category-alles-mogliche"],"_links":{"self":[{"href":"http:\/\/www.anthealein.de\/index.php?rest_route=\/wp\/v2\/posts\/3541","targetHints":{"allow":["GET"]}}],"collection":[{"href":"http:\/\/www.anthealein.de\/index.php?rest_route=\/wp\/v2\/posts"}],"about":[{"href":"http:\/\/www.anthealein.de\/index.php?rest_route=\/wp\/v2\/types\/post"}],"author":[{"embeddable":true,"href":"http:\/\/www.anthealein.de\/index.php?rest_route=\/wp\/v2\/users\/1"}],"replies":[{"embeddable":true,"href":"http:\/\/www.anthealein.de\/index.php?rest_route=%2Fwp%2Fv2%2Fcomments&post=3541"}],"version-history":[{"count":0,"href":"http:\/\/www.anthealein.de\/index.php?rest_route=\/wp\/v2\/posts\/3541\/revisions"}],"wp:attachment":[{"href":"http:\/\/www.anthealein.de\/index.php?rest_route=%2Fwp%2Fv2%2Fmedia&parent=3541"}],"wp:term":[{"taxonomy":"category","embeddable":true,"href":"http:\/\/www.anthealein.de\/index.php?rest_route=%2Fwp%2Fv2%2Fcategories&post=3541"},{"taxonomy":"post_tag","embeddable":true,"href":"http:\/\/www.anthealein.de\/index.php?rest_route=%2Fwp%2Fv2%2Ftags&post=3541"}],"curies":[{"name":"wp","href":"https:\/\/api.w.org\/{rel}","templated":true}]}}