{"id":3526,"date":"2011-02-09T21:14:44","date_gmt":"2011-02-09T20:14:44","guid":{"rendered":"http:\/\/www.anthealein.de\/?p=3526"},"modified":"2011-02-09T21:14:44","modified_gmt":"2011-02-09T20:14:44","slug":"tdlich","status":"publish","type":"post","link":"http:\/\/www.anthealein.de\/?p=3526","title":{"rendered":"T&ouml;dlich &hellip;"},"content":{"rendered":"<p align=\"justify\">\u2026 sind N\u00e4chte, in denen nicht nur der kleine Zwerg meint, das Mama eine prima Kuschel-Streichel-Erklimm-Vollquatsch-M\u00f6glichkeit ist, sondern auch der G\u00f6ttergatte pl\u00f6tzlich anscheinend ins Koma gefallen ist und man nur an seinem lauten, sehr sehr lauten \u2013 das gerade eingeschlafene Kind wieder aufweckende \u2013 Schnarchen merkt, das er \u00fcberhaupt noch lebt *grummel*. N\u00e4chstes Mal lass ich die beiden sich gegenseitig anschnarchen\/was erz\u00e4hlen und wandere aus ins Wohnzimmer. <\/p>\n<p align=\"justify\">Nach knapp 3 Stunden Schlaf war ich heute morgen nat\u00fcrlich nicht wirklich fit, aber es ging. Und w\u00e4hrend meiner Ausleihe kam S. (im Vorstand des Kigas), gab B\u00fccher von ihren S\u00f6hnen ab und bedankte sich f\u00fcr den netten Geburtstag am Samstag. Ich fragte sie, ob sie schon Ergebnisse der Besprechung wisse, welche Kinder aufgenommen werden. Daraufhin entspann sich ein lustiger Ja?Ja!-Dialog in diversen Betonungen und zum Schluss fragte sie nur, ob sie noch mehr sagen m\u00fcsste *g*. N\u00f6, musste sie nicht *vorsichtigfreu*.<\/p>\n<p align=\"justify\">&#160;<\/p>\n<p align=\"center\"><a href=\"http:\/\/www.anthealein.de\/wp-content\/uploads\/2011\/02\/09022011.jpg\"><img loading=\"lazy\" decoding=\"async\" style=\"background-image: none; border-bottom: 0px; border-left: 0px; padding-left: 0px; padding-right: 0px; display: inline; border-top: 0px; border-right: 0px; padding-top: 0px\" title=\"09022011\" border=\"0\" alt=\"09022011\" src=\"http:\/\/www.anthealein.de\/wp-content\/uploads\/2011\/02\/09022011_thumb.jpg\" width=\"504\" height=\"504\" \/><\/a><\/p>\n<p align=\"center\">&#160;<\/p>\n<p align=\"center\"><a href=\"http:\/\/www.anthealein.de\/wp-content\/uploads\/2011\/02\/09022011II.jpg\"><img loading=\"lazy\" decoding=\"async\" style=\"background-image: none; border-bottom: 0px; border-left: 0px; padding-left: 0px; padding-right: 0px; display: inline; border-top: 0px; border-right: 0px; padding-top: 0px\" title=\"09022011II\" border=\"0\" alt=\"09022011II\" src=\"http:\/\/www.anthealein.de\/wp-content\/uploads\/2011\/02\/09022011II_thumb.jpg\" width=\"504\" height=\"504\" \/><\/a><\/p>\n","protected":false},"excerpt":{"rendered":"<p>\u2026 sind N\u00e4chte, in denen nicht nur der kleine Zwerg meint, das Mama eine prima Kuschel-Streichel-Erklimm-Vollquatsch-M\u00f6glichkeit ist, sondern auch der G\u00f6ttergatte pl\u00f6tzlich anscheinend ins Koma gefallen ist und man nur an seinem lauten, sehr sehr lauten \u2013 das gerade eingeschlafene Kind wieder aufweckende \u2013 Schnarchen merkt, das er \u00fcberhaupt noch lebt *grummel*. N\u00e4chstes Mal lass [&hellip;]<\/p>\n","protected":false},"author":1,"featured_media":0,"comment_status":"open","ping_status":"open","sticky":false,"template":"","format":"standard","meta":{"footnotes":""},"categories":[3],"tags":[],"class_list":["post-3526","post","type-post","status-publish","format-standard","hentry","category-alles-mogliche"],"_links":{"self":[{"href":"http:\/\/www.anthealein.de\/index.php?rest_route=\/wp\/v2\/posts\/3526","targetHints":{"allow":["GET"]}}],"collection":[{"href":"http:\/\/www.anthealein.de\/index.php?rest_route=\/wp\/v2\/posts"}],"about":[{"href":"http:\/\/www.anthealein.de\/index.php?rest_route=\/wp\/v2\/types\/post"}],"author":[{"embeddable":true,"href":"http:\/\/www.anthealein.de\/index.php?rest_route=\/wp\/v2\/users\/1"}],"replies":[{"embeddable":true,"href":"http:\/\/www.anthealein.de\/index.php?rest_route=%2Fwp%2Fv2%2Fcomments&post=3526"}],"version-history":[{"count":0,"href":"http:\/\/www.anthealein.de\/index.php?rest_route=\/wp\/v2\/posts\/3526\/revisions"}],"wp:attachment":[{"href":"http:\/\/www.anthealein.de\/index.php?rest_route=%2Fwp%2Fv2%2Fmedia&parent=3526"}],"wp:term":[{"taxonomy":"category","embeddable":true,"href":"http:\/\/www.anthealein.de\/index.php?rest_route=%2Fwp%2Fv2%2Fcategories&post=3526"},{"taxonomy":"post_tag","embeddable":true,"href":"http:\/\/www.anthealein.de\/index.php?rest_route=%2Fwp%2Fv2%2Ftags&post=3526"}],"curies":[{"name":"wp","href":"https:\/\/api.w.org\/{rel}","templated":true}]}}