{"id":3508,"date":"2011-02-07T23:07:51","date_gmt":"2011-02-07T22:07:51","guid":{"rendered":"http:\/\/www.anthealein.de\/?p=3508"},"modified":"2011-02-07T23:07:51","modified_gmt":"2011-02-07T22:07:51","slug":"vergessen-2","status":"publish","type":"post","link":"http:\/\/www.anthealein.de\/?p=3508","title":{"rendered":"Vergessen&hellip;"},"content":{"rendered":"<p>&#8211; f\u00fcr Sandras und Marcs Hochzeit (2) brauche ich nur noch Schuhe. H\u00e4tte mir vor 10 Jahren jemand erz\u00e4hlt, das ich eines Tages die Kleidungsst\u00fccke von Schwiema tragen k\u00f6nnte, h\u00e4tte ich ihn f\u00fcr bescheuert erkl\u00e4rt. Nu hab ich gestern einen wunderbar passenden Anzug mit passendem Top mitgenommen. <img decoding=\"async\" style=\"border-bottom-style: none; border-right-style: none; border-top-style: none; border-left-style: none\" class=\"wlEmoticon wlEmoticon-openmouthedsmile\" alt=\"Smiley mit ge\u00f6ffnetem Mund\" src=\"http:\/\/www.anthealein.de\/wp-content\/uploads\/2011\/02\/wlEmoticon-openmouthedsmile.png\" \/><\/p>\n<p>&#8211; ab Mittwoch wird Jana zur Stepptanz-Gruppe bei Dunse gehen. Erst mal nur zum schnuppern, aber da ihre \u201cPatin\u201d (Schule) auch steppt, wird sie bestimmt dabei bleiben. <\/p>\n","protected":false},"excerpt":{"rendered":"<p>&#8211; f\u00fcr Sandras und Marcs Hochzeit (2) brauche ich nur noch Schuhe. H\u00e4tte mir vor 10 Jahren jemand erz\u00e4hlt, das ich eines Tages die Kleidungsst\u00fccke von Schwiema tragen k\u00f6nnte, h\u00e4tte ich ihn f\u00fcr bescheuert erkl\u00e4rt. Nu hab ich gestern einen wunderbar passenden Anzug mit passendem Top mitgenommen. &#8211; ab Mittwoch wird Jana zur Stepptanz-Gruppe bei [&hellip;]<\/p>\n","protected":false},"author":1,"featured_media":0,"comment_status":"open","ping_status":"open","sticky":false,"template":"","format":"standard","meta":{"footnotes":""},"categories":[3],"tags":[],"class_list":["post-3508","post","type-post","status-publish","format-standard","hentry","category-alles-mogliche"],"_links":{"self":[{"href":"http:\/\/www.anthealein.de\/index.php?rest_route=\/wp\/v2\/posts\/3508","targetHints":{"allow":["GET"]}}],"collection":[{"href":"http:\/\/www.anthealein.de\/index.php?rest_route=\/wp\/v2\/posts"}],"about":[{"href":"http:\/\/www.anthealein.de\/index.php?rest_route=\/wp\/v2\/types\/post"}],"author":[{"embeddable":true,"href":"http:\/\/www.anthealein.de\/index.php?rest_route=\/wp\/v2\/users\/1"}],"replies":[{"embeddable":true,"href":"http:\/\/www.anthealein.de\/index.php?rest_route=%2Fwp%2Fv2%2Fcomments&post=3508"}],"version-history":[{"count":0,"href":"http:\/\/www.anthealein.de\/index.php?rest_route=\/wp\/v2\/posts\/3508\/revisions"}],"wp:attachment":[{"href":"http:\/\/www.anthealein.de\/index.php?rest_route=%2Fwp%2Fv2%2Fmedia&parent=3508"}],"wp:term":[{"taxonomy":"category","embeddable":true,"href":"http:\/\/www.anthealein.de\/index.php?rest_route=%2Fwp%2Fv2%2Fcategories&post=3508"},{"taxonomy":"post_tag","embeddable":true,"href":"http:\/\/www.anthealein.de\/index.php?rest_route=%2Fwp%2Fv2%2Ftags&post=3508"}],"curies":[{"name":"wp","href":"https:\/\/api.w.org\/{rel}","templated":true}]}}