{"id":3506,"date":"2011-02-07T21:13:23","date_gmt":"2011-02-07T20:13:23","guid":{"rendered":"http:\/\/www.anthealein.de\/?p=3506"},"modified":"2011-02-07T21:13:23","modified_gmt":"2011-02-07T20:13:23","slug":"daumen-drcken-bitte","status":"publish","type":"post","link":"http:\/\/www.anthealein.de\/?p=3506","title":{"rendered":"Daumen dr&uuml;cken bitte :)"},"content":{"rendered":"<p>Morgen steht die Entscheidung an, ob Lena in den Kiga unten darf oder ob sie erst n\u00e4chstes Jahr (wenn \u00fcberhaupt) auf dem Plan steht. Klar haben wir die beste Tagesmama der Welt (die wir die n\u00e4chsten Jahre in den Ferien und Freitags auch noch brauchen werden), aber sch\u00f6n w\u00e4re es f\u00fcr Lena endlich mit anderen Kindern jeden Tag zusammen zu sein. Sch\u00f6ner w\u00e4re es schon deshalb dieses Jahr, weil der Zwerg garantiert nicht mit 6 3\/4tel erst zur Schule kommen wird. K\u00e4me sie dieses Jahr nicht in den Kiga, h\u00e4tte sie im Gegensatz zu Jana also nur 2 Jahre Kiga (Jana hatte sogar 4) und w\u00fcrde einen Gro\u00dfteil der Sachen in ihrer Gruppe dann verpassen (im 2. Jahr w\u00e4re sie Blaue Gruppe und m\u00fcsste f\u00fcr den Vorschulkram immer zur Roten Gruppe r\u00fcber). Also: Daumen bitte <img decoding=\"async\" style=\"border-bottom-style: none; border-right-style: none; border-top-style: none; border-left-style: none\" class=\"wlEmoticon wlEmoticon-smile\" alt=\"Smiley\" src=\"http:\/\/www.anthealein.de\/wp-content\/uploads\/2011\/02\/wlEmoticon-smile3.png\" \/> . <\/p>\n<p>&#160;<\/p>\n<p align=\"center\"><a href=\"http:\/\/www.anthealein.de\/wp-content\/uploads\/2011\/02\/07022011.jpg\"><img loading=\"lazy\" decoding=\"async\" style=\"background-image: none; border-bottom: 0px; border-left: 0px; padding-left: 0px; padding-right: 0px; display: inline; border-top: 0px; border-right: 0px; padding-top: 0px\" title=\"07022011\" border=\"0\" alt=\"07022011\" src=\"http:\/\/www.anthealein.de\/wp-content\/uploads\/2011\/02\/07022011_thumb.jpg\" width=\"504\" height=\"504\" \/><\/a><\/p>\n<p align=\"center\">&#160;<\/p>\n<p align=\"center\"><a href=\"http:\/\/www.anthealein.de\/wp-content\/uploads\/2011\/02\/07022011II.jpg\"><img loading=\"lazy\" decoding=\"async\" style=\"background-image: none; border-bottom: 0px; border-left: 0px; padding-left: 0px; padding-right: 0px; display: inline; border-top: 0px; border-right: 0px; padding-top: 0px\" title=\"07022011II\" border=\"0\" alt=\"07022011II\" src=\"http:\/\/www.anthealein.de\/wp-content\/uploads\/2011\/02\/07022011II_thumb.jpg\" width=\"504\" height=\"504\" \/><\/a><\/p>\n<p align=\"center\">&#160;<\/p>\n<p align=\"center\"><a href=\"http:\/\/www.anthealein.de\/wp-content\/uploads\/2011\/02\/07022011III.jpg\"><img loading=\"lazy\" decoding=\"async\" style=\"background-image: none; border-bottom: 0px; border-left: 0px; padding-left: 0px; padding-right: 0px; display: inline; border-top: 0px; border-right: 0px; padding-top: 0px\" title=\"07022011III\" border=\"0\" alt=\"07022011III\" src=\"http:\/\/www.anthealein.de\/wp-content\/uploads\/2011\/02\/07022011III_thumb.jpg\" width=\"504\" height=\"504\" \/><\/a><\/p>\n","protected":false},"excerpt":{"rendered":"<p>Morgen steht die Entscheidung an, ob Lena in den Kiga unten darf oder ob sie erst n\u00e4chstes Jahr (wenn \u00fcberhaupt) auf dem Plan steht. Klar haben wir die beste Tagesmama der Welt (die wir die n\u00e4chsten Jahre in den Ferien und Freitags auch noch brauchen werden), aber sch\u00f6n w\u00e4re es f\u00fcr Lena endlich mit anderen [&hellip;]<\/p>\n","protected":false},"author":1,"featured_media":0,"comment_status":"open","ping_status":"open","sticky":false,"template":"","format":"standard","meta":{"footnotes":""},"categories":[3],"tags":[],"class_list":["post-3506","post","type-post","status-publish","format-standard","hentry","category-alles-mogliche"],"_links":{"self":[{"href":"http:\/\/www.anthealein.de\/index.php?rest_route=\/wp\/v2\/posts\/3506","targetHints":{"allow":["GET"]}}],"collection":[{"href":"http:\/\/www.anthealein.de\/index.php?rest_route=\/wp\/v2\/posts"}],"about":[{"href":"http:\/\/www.anthealein.de\/index.php?rest_route=\/wp\/v2\/types\/post"}],"author":[{"embeddable":true,"href":"http:\/\/www.anthealein.de\/index.php?rest_route=\/wp\/v2\/users\/1"}],"replies":[{"embeddable":true,"href":"http:\/\/www.anthealein.de\/index.php?rest_route=%2Fwp%2Fv2%2Fcomments&post=3506"}],"version-history":[{"count":0,"href":"http:\/\/www.anthealein.de\/index.php?rest_route=\/wp\/v2\/posts\/3506\/revisions"}],"wp:attachment":[{"href":"http:\/\/www.anthealein.de\/index.php?rest_route=%2Fwp%2Fv2%2Fmedia&parent=3506"}],"wp:term":[{"taxonomy":"category","embeddable":true,"href":"http:\/\/www.anthealein.de\/index.php?rest_route=%2Fwp%2Fv2%2Fcategories&post=3506"},{"taxonomy":"post_tag","embeddable":true,"href":"http:\/\/www.anthealein.de\/index.php?rest_route=%2Fwp%2Fv2%2Ftags&post=3506"}],"curies":[{"name":"wp","href":"https:\/\/api.w.org\/{rel}","templated":true}]}}