{"id":34814,"date":"2025-08-18T18:46:17","date_gmt":"2025-08-18T17:46:17","guid":{"rendered":"http:\/\/www.anthealein.de\/?p=34814"},"modified":"2025-08-18T18:46:17","modified_gmt":"2025-08-18T17:46:17","slug":"eine-verlngerung","status":"publish","type":"post","link":"http:\/\/www.anthealein.de\/?p=34814","title":{"rendered":"Eine Verl&auml;ngerung &hellip;"},"content":{"rendered":"<p align=\"justify\">\u2026 habe ich mir heute geholt. Bis Donnerstag, bis dahin habe ich noch 2x Physio und hoffe, endlich Erfolge zu sp\u00fcren. Bis jetzt immer noch: Arm gerade aus nach vorn mit Handinnenfl\u00e4che nach rechts kein Problem. Sobald aber der Arm minimal gedreht wird beim Heben oder ich gar seitw\u00e4rts den Arm heben will, tut es weh. <\/p>\n<p align=\"justify\">Heute hatte ich \u201cnur\u201d normale Physio ohne Schulter\/Arm, da gab es \u201cnur\u201d Bauch\/Beine\/Po (auch autsch). Morgen fr\u00fch ist dann wieder beim Therapeuten meine Schulter dran.<\/p>\n<p align=\"justify\">&nbsp;<\/p>\n<p align=\"center\"><a href=\"http:\/\/www.anthealein.de\/wp-content\/uploads\/2025\/08\/18082025.jpg\"><img loading=\"lazy\" decoding=\"async\" title=\"18082025\" style=\"border-top: 0px; border-right: 0px; background-image: none; border-bottom: 0px; padding-top: 0px; padding-left: 0px; border-left: 0px; display: inline; padding-right: 0px\" border=\"0\" alt=\"18082025\" src=\"http:\/\/www.anthealein.de\/wp-content\/uploads\/2025\/08\/18082025_thumb.jpg\" width=\"379\" height=\"504\"><\/a><br \/>Nein, kein Bild von gestern <img decoding=\"async\" class=\"wlEmoticon wlEmoticon-winkingsmile\" style=\"border-top-style: none; border-left-style: none; border-bottom-style: none; border-right-style: none\" alt=\"Zwinkerndes Smiley\" src=\"http:\/\/www.anthealein.de\/wp-content\/uploads\/2025\/08\/wlEmoticon-winkingsmile.png\"><\/p>\n","protected":false},"excerpt":{"rendered":"<p>\u2026 habe ich mir heute geholt. Bis Donnerstag, bis dahin habe ich noch 2x Physio und hoffe, endlich Erfolge zu sp\u00fcren. Bis jetzt immer noch: Arm gerade aus nach vorn mit Handinnenfl\u00e4che nach rechts kein Problem. Sobald aber der Arm minimal gedreht wird beim Heben oder ich gar seitw\u00e4rts den Arm heben will, tut es [&hellip;]<\/p>\n","protected":false},"author":1,"featured_media":0,"comment_status":"open","ping_status":"","sticky":false,"template":"","format":"standard","meta":{"footnotes":""},"categories":[3],"tags":[],"class_list":["post-34814","post","type-post","status-publish","format-standard","hentry","category-alles-mogliche"],"_links":{"self":[{"href":"http:\/\/www.anthealein.de\/index.php?rest_route=\/wp\/v2\/posts\/34814","targetHints":{"allow":["GET"]}}],"collection":[{"href":"http:\/\/www.anthealein.de\/index.php?rest_route=\/wp\/v2\/posts"}],"about":[{"href":"http:\/\/www.anthealein.de\/index.php?rest_route=\/wp\/v2\/types\/post"}],"author":[{"embeddable":true,"href":"http:\/\/www.anthealein.de\/index.php?rest_route=\/wp\/v2\/users\/1"}],"replies":[{"embeddable":true,"href":"http:\/\/www.anthealein.de\/index.php?rest_route=%2Fwp%2Fv2%2Fcomments&post=34814"}],"version-history":[{"count":1,"href":"http:\/\/www.anthealein.de\/index.php?rest_route=\/wp\/v2\/posts\/34814\/revisions"}],"predecessor-version":[{"id":34815,"href":"http:\/\/www.anthealein.de\/index.php?rest_route=\/wp\/v2\/posts\/34814\/revisions\/34815"}],"wp:attachment":[{"href":"http:\/\/www.anthealein.de\/index.php?rest_route=%2Fwp%2Fv2%2Fmedia&parent=34814"}],"wp:term":[{"taxonomy":"category","embeddable":true,"href":"http:\/\/www.anthealein.de\/index.php?rest_route=%2Fwp%2Fv2%2Fcategories&post=34814"},{"taxonomy":"post_tag","embeddable":true,"href":"http:\/\/www.anthealein.de\/index.php?rest_route=%2Fwp%2Fv2%2Ftags&post=34814"}],"curies":[{"name":"wp","href":"https:\/\/api.w.org\/{rel}","templated":true}]}}