{"id":3458,"date":"2011-02-03T21:17:07","date_gmt":"2011-02-03T20:17:07","guid":{"rendered":"http:\/\/www.anthealein.de\/?p=3458"},"modified":"2011-02-03T21:17:07","modified_gmt":"2011-02-03T20:17:07","slug":"vermischtes-3","status":"publish","type":"post","link":"http:\/\/www.anthealein.de\/?p=3458","title":{"rendered":"Vermischtes &hellip;"},"content":{"rendered":"<p align=\"justify\">Heute Vormittag: Arbeit. Und dort v\u00f6llig \u00fcberraschend von einer Benutzerin mit Namen angesprochen worden. Sie h\u00e4tte gestern mit mir telefoniert, jetzt w\u00fcrde sie mich ja kennen <img decoding=\"async\" style=\"border-bottom-style: none; border-right-style: none; border-top-style: none; border-left-style: none\" class=\"wlEmoticon wlEmoticon-smile\" alt=\"Smiley\" src=\"http:\/\/www.anthealein.de\/wp-content\/uploads\/2011\/02\/wlEmoticon-smile.png\" \/> . Nett.<\/p>\n<p align=\"justify\">Dann Lena abgeholt, die mal wieder eigentlich nicht mit wollte. Schnell nach Hause und fast direkt wieder los in Richtung Schule. Jana wollte laufen, Lena wollte laufen und hat sich prompt so richtig hingelegt und den Kopf am Pflaster angehauen. <\/p>\n<p align=\"justify\">In der Schule dann schlie\u00dflich auch endlich mal den Lehrer kennen gelernt (Einschulungstag z\u00e4hlt nicht *g*). Mit Jana w\u00fcrde alles gut laufen, sie liest und schreibt schon ganz ordentlich, hilft immer den anderen Kindern etc.. Hab ich ihm gleich erz\u00e4hlt, das ich mir da nicht sicher war (ich hab damals viel auswendig \u201cgelesen\u201d) und ihm die Situationen der letzten Tage geschildert und das ich das Gef\u00fchl habe, das sie diese Spielereien dann haupts\u00e4chlich macht, wenn ihr der Stoff zu langweilig ist. Janas Lehrer fragte sie daraufhin, ob ihr der Stoff tats\u00e4chlich manchmal zu langweilig w\u00e4re und sie bejahte das. Wir haben ihr dann beide erkl\u00e4rt, das manche Sachen nun mal f\u00fcr die nicht ganz so schnellen Kinder mehrmals gemacht werden m\u00fcssen und er erkl\u00e4rte mir, das inzwischen der Klassenstand auch weit auseinander gehen w\u00fcrde. Am Anfang h\u00e4tte man es nicht so bemerkt, aber jetzt w\u00fcrde sich deutlich der Unterschied zeigen. Und die Spielhaus-Kinder w\u00e4ren alle ganz vorne dabei und auch im sozialen Bereich ganz weit. Er \u00fcberlegt sich aber was, damit Jana sich nicht langweilt *g* und das mit den Jungen die in der Pause \u00e4rgern, will er auch noch mal in der Klasse ansprechen (war schon mal Thema, als die Jungs alle Leandra \u00e4rgerten). Sehr nett also, nix zu meckern, weiter so <img decoding=\"async\" style=\"border-bottom-style: none; border-right-style: none; border-top-style: none; border-left-style: none\" class=\"wlEmoticon wlEmoticon-smile\" alt=\"Smiley\" src=\"http:\/\/www.anthealein.de\/wp-content\/uploads\/2011\/02\/wlEmoticon-smile.png\" \/> . <\/p>\n<p align=\"justify\">Vor der Klasse trafen wir dann auf Anna und Peter und ehe ich mich versah, hatte ich ein Kind mehr nach Hause mitzunehmen. Kuchen backen hab ich vorgezogen, \u00c4rzte und Apotheke mach ich fix morgen fr\u00fch und nachdem Lena vorhin gro\u00dfz\u00fcgig Apfelsaft in der Wohnung verteilt hat, werde ich auch noch mal Putzen m\u00fcssen *seufz*. Aber halb so wild, der erste Besuch trifft eh nicht vor 14 Uhr ein. <\/p>\n<p align=\"justify\">&#160;<\/p>\n<p align=\"center\"><a href=\"http:\/\/www.anthealein.de\/wp-content\/uploads\/2011\/02\/03022011.jpg\"><img loading=\"lazy\" decoding=\"async\" style=\"background-image: none; border-bottom: 0px; border-left: 0px; padding-left: 0px; padding-right: 0px; display: inline; border-top: 0px; border-right: 0px; padding-top: 0px\" title=\"03022011\" border=\"0\" alt=\"03022011\" src=\"http:\/\/www.anthealein.de\/wp-content\/uploads\/2011\/02\/03022011_thumb.jpg\" width=\"504\" height=\"504\" \/><\/a>    <br \/>Nein, ich hab keine Standpauke gehalten \u2026 Keine Ahnung, wieso die so aussahen *g*.<\/p>\n<p align=\"center\">&#160;<\/p>\n<p align=\"center\"><a href=\"http:\/\/www.anthealein.de\/wp-content\/uploads\/2011\/02\/03022011II.jpg\"><img loading=\"lazy\" decoding=\"async\" style=\"background-image: none; border-bottom: 0px; border-left: 0px; padding-left: 0px; padding-right: 0px; display: inline; border-top: 0px; border-right: 0px; padding-top: 0px\" title=\"03022011II\" border=\"0\" alt=\"03022011II\" src=\"http:\/\/www.anthealein.de\/wp-content\/uploads\/2011\/02\/03022011II_thumb.jpg\" width=\"504\" height=\"504\" \/><\/a><\/p>\n","protected":false},"excerpt":{"rendered":"<p>Heute Vormittag: Arbeit. Und dort v\u00f6llig \u00fcberraschend von einer Benutzerin mit Namen angesprochen worden. Sie h\u00e4tte gestern mit mir telefoniert, jetzt w\u00fcrde sie mich ja kennen . Nett. Dann Lena abgeholt, die mal wieder eigentlich nicht mit wollte. Schnell nach Hause und fast direkt wieder los in Richtung Schule. Jana wollte laufen, Lena wollte laufen [&hellip;]<\/p>\n","protected":false},"author":1,"featured_media":0,"comment_status":"open","ping_status":"open","sticky":false,"template":"","format":"standard","meta":{"footnotes":""},"categories":[3],"tags":[],"class_list":["post-3458","post","type-post","status-publish","format-standard","hentry","category-alles-mogliche"],"_links":{"self":[{"href":"http:\/\/www.anthealein.de\/index.php?rest_route=\/wp\/v2\/posts\/3458","targetHints":{"allow":["GET"]}}],"collection":[{"href":"http:\/\/www.anthealein.de\/index.php?rest_route=\/wp\/v2\/posts"}],"about":[{"href":"http:\/\/www.anthealein.de\/index.php?rest_route=\/wp\/v2\/types\/post"}],"author":[{"embeddable":true,"href":"http:\/\/www.anthealein.de\/index.php?rest_route=\/wp\/v2\/users\/1"}],"replies":[{"embeddable":true,"href":"http:\/\/www.anthealein.de\/index.php?rest_route=%2Fwp%2Fv2%2Fcomments&post=3458"}],"version-history":[{"count":0,"href":"http:\/\/www.anthealein.de\/index.php?rest_route=\/wp\/v2\/posts\/3458\/revisions"}],"wp:attachment":[{"href":"http:\/\/www.anthealein.de\/index.php?rest_route=%2Fwp%2Fv2%2Fmedia&parent=3458"}],"wp:term":[{"taxonomy":"category","embeddable":true,"href":"http:\/\/www.anthealein.de\/index.php?rest_route=%2Fwp%2Fv2%2Fcategories&post=3458"},{"taxonomy":"post_tag","embeddable":true,"href":"http:\/\/www.anthealein.de\/index.php?rest_route=%2Fwp%2Fv2%2Ftags&post=3458"}],"curies":[{"name":"wp","href":"https:\/\/api.w.org\/{rel}","templated":true}]}}