{"id":3438,"date":"2011-01-30T22:01:53","date_gmt":"2011-01-30T21:01:53","guid":{"rendered":"http:\/\/www.anthealein.de\/?p=3438"},"modified":"2011-01-30T22:01:53","modified_gmt":"2011-01-30T21:01:53","slug":"nu-aber","status":"publish","type":"post","link":"http:\/\/www.anthealein.de\/?p=3438","title":{"rendered":"Nu aber &hellip;"},"content":{"rendered":"<p align=\"justify\">\u2026 bin ich eine Erkl\u00e4rung schuldig, wieso ich die letzten 2 Tage keine Zeit zu posten hatte.<\/p>\n<p align=\"justify\">Am Freitag stieg ich gerade nach der Arbeit aus meinem Auto aus, als mich jemand rief. Der jemand stellte sich als Nico heraus. Dem hatte ich ja schon l\u00e4nger mal gesagt, er solle auf ein Bier vorbei kommen. Bier hatten wir zwar nicht, trotzdem sind wir erst um kurz vor 1 Uhr ins Bett gekommen und ich durfte mir gestern morgen zum Fr\u00fchst\u00fcck eine Schmerztablette g\u00f6nnen. <\/p>\n<p align=\"justify\">Da wir auf der Arbeit dann auch noch alle da waren, hab ich schon um 15 Uhr Feierabend gemacht und bin nach Hause gefahren. Hier noch vor uns hin gewurschtelt (eingekauft hatte ich zwischen Schmerztablette und Arbeit *g*) und um kurz nach 19 Uhr kamen Sandra und Marc 2 <img decoding=\"async\" style=\"border-bottom-style: none; border-right-style: none; border-top-style: none; border-left-style: none\" class=\"wlEmoticon wlEmoticon-smile\" alt=\"Smiley\" src=\"http:\/\/www.anthealein.de\/wp-content\/uploads\/2011\/01\/wlEmoticon-smile9.png\" \/> . Wie immer ein netter Abend. Sandra brachte K\u00f6rbchen mit Blumen f\u00fcr Jana mit (sie darf Blumenm\u00e4dchen sein), wir suchten ein Kleid f\u00fcr Jana aus (Bild gleich unten) und plauderten halt einfach so. Unter anderem auch \u00fcber die Machbarkeit am 19. mit Lena. Und da merkte man dann doch mal den Unterschied Eltern \u2013 kinderloses Paar *g*. Vor einem knappen halben Jahr waren wir auf Sandras Geburtstagsfeier mit Valeska als Babysitterin. Ging ein wenig daneben, weil Lena schlafen total doof fand so ohne uns und Chris fuhr dann um kurz nach 21 Uhr nach Hause. Sandra sagte dann gestern, das die Kinder das lernen m\u00fcssten, bei A. + H. ginge es ja auch. HA (!!!), mit A. hab ich auf ihrem Geburtstag auf dem Balkon gesprochen, der t\u00f6nte lautstark das es ja egal w\u00e4re, wenn Zwerg bei Oma 3 Stunden weinen w\u00fcrde, irgendwann w\u00fcrde er schon einschlafen und wir w\u00e4ren da viel zu weich. Sorry, aber da bin ich doch lieber ein Weichei. Feiern werde ich hoffentlich noch die n\u00e4chsten 40-50 Jahre k\u00f6nnen. F\u00fcr den 19. \u00fcberlegen wir uns noch was <img decoding=\"async\" style=\"border-bottom-style: none; border-right-style: none; border-top-style: none; border-left-style: none\" class=\"wlEmoticon wlEmoticon-smile\" alt=\"Smiley\" src=\"http:\/\/www.anthealein.de\/wp-content\/uploads\/2011\/01\/wlEmoticon-smile9.png\" \/> . Irgendwas mit Luftmatratze im Spielzimmer aufbauen, Valeska Babysittern lassen und dann d\u00fcrfen die M\u00e4dels zusammen im Spielzimmer oder bei uns im Bett schlafen. Und wenn es dann gar nicht geht, ist es ja nicht schlimm wenn Chris oder ich um 22 Uhr schon aufbrechen und der andere Partner halt weiterfeiert. <\/p>\n<p align=\"justify\">Heute war schlie\u00dflich ein ganz ruhiger Tag, morgen fr\u00fch m\u00f6chte ich mit den M\u00e4dels in die Stadt und morgen Nachmittag ist wieder das \u00fcbliche Schnuppergarten\/Tanzen Programm. <\/p>\n<p align=\"justify\">&#160;<\/p>\n<p align=\"center\"><a href=\"http:\/\/www.anthealein.de\/wp-content\/uploads\/2011\/01\/kleid.jpg\"><img loading=\"lazy\" decoding=\"async\" style=\"background-image: none; border-bottom: 0px; border-left: 0px; padding-left: 0px; padding-right: 0px; display: inline; border-top: 0px; border-right: 0px; padding-top: 0px\" title=\"kleid\" border=\"0\" alt=\"kleid\" src=\"http:\/\/www.anthealein.de\/wp-content\/uploads\/2011\/01\/kleid_thumb.jpg\" width=\"379\" height=\"504\" \/><\/a><\/p>\n<p align=\"center\">&#160;<\/p>\n<p align=\"center\"><a href=\"http:\/\/www.anthealein.de\/wp-content\/uploads\/2011\/01\/30012011.jpg\"><img loading=\"lazy\" decoding=\"async\" style=\"background-image: none; border-bottom: 0px; border-left: 0px; padding-left: 0px; padding-right: 0px; display: inline; border-top: 0px; border-right: 0px; padding-top: 0px\" title=\"30012011\" border=\"0\" alt=\"30012011\" src=\"http:\/\/www.anthealein.de\/wp-content\/uploads\/2011\/01\/30012011_thumb.jpg\" width=\"504\" height=\"504\" \/><\/a><\/p>\n","protected":false},"excerpt":{"rendered":"<p>\u2026 bin ich eine Erkl\u00e4rung schuldig, wieso ich die letzten 2 Tage keine Zeit zu posten hatte. Am Freitag stieg ich gerade nach der Arbeit aus meinem Auto aus, als mich jemand rief. Der jemand stellte sich als Nico heraus. Dem hatte ich ja schon l\u00e4nger mal gesagt, er solle auf ein Bier vorbei kommen. [&hellip;]<\/p>\n","protected":false},"author":1,"featured_media":0,"comment_status":"open","ping_status":"open","sticky":false,"template":"","format":"standard","meta":{"footnotes":""},"categories":[3],"tags":[],"class_list":["post-3438","post","type-post","status-publish","format-standard","hentry","category-alles-mogliche"],"_links":{"self":[{"href":"http:\/\/www.anthealein.de\/index.php?rest_route=\/wp\/v2\/posts\/3438","targetHints":{"allow":["GET"]}}],"collection":[{"href":"http:\/\/www.anthealein.de\/index.php?rest_route=\/wp\/v2\/posts"}],"about":[{"href":"http:\/\/www.anthealein.de\/index.php?rest_route=\/wp\/v2\/types\/post"}],"author":[{"embeddable":true,"href":"http:\/\/www.anthealein.de\/index.php?rest_route=\/wp\/v2\/users\/1"}],"replies":[{"embeddable":true,"href":"http:\/\/www.anthealein.de\/index.php?rest_route=%2Fwp%2Fv2%2Fcomments&post=3438"}],"version-history":[{"count":0,"href":"http:\/\/www.anthealein.de\/index.php?rest_route=\/wp\/v2\/posts\/3438\/revisions"}],"wp:attachment":[{"href":"http:\/\/www.anthealein.de\/index.php?rest_route=%2Fwp%2Fv2%2Fmedia&parent=3438"}],"wp:term":[{"taxonomy":"category","embeddable":true,"href":"http:\/\/www.anthealein.de\/index.php?rest_route=%2Fwp%2Fv2%2Fcategories&post=3438"},{"taxonomy":"post_tag","embeddable":true,"href":"http:\/\/www.anthealein.de\/index.php?rest_route=%2Fwp%2Fv2%2Ftags&post=3438"}],"curies":[{"name":"wp","href":"https:\/\/api.w.org\/{rel}","templated":true}]}}