{"id":3359,"date":"2011-01-20T21:28:49","date_gmt":"2011-01-20T20:28:49","guid":{"rendered":"http:\/\/www.anthealein.de\/?p=3359"},"modified":"2011-01-20T21:28:49","modified_gmt":"2011-01-20T20:28:49","slug":"die-verppelt-uns","status":"publish","type":"post","link":"http:\/\/www.anthealein.de\/?p=3359","title":{"rendered":"Die ver&auml;ppelt uns &hellip;"},"content":{"rendered":"<p align=\"justify\">\u2026 die Gro\u00dfe. Heute Hausaufgabe: ein paar S\u00e4tze 5x lesen. \u201cNino isst Rosinen\u201d, \u201cEs ist \u2026 \u201c, immer wieder auch \u201cich\u201d und \u201cnicht\u201d. Wir haben das, dank Besuch am Nachmittag von Anne, erst heute Abend als Gute-Nacht-Geschichte erledigt. Sie tut sich ein wenig schwer mit den S\u00e4tzen. \u201cEs\u201d wird \u201ceees\u201d ausgesprochen, das \u201cich\u201d und \u201cnicht\u201d klingt wie bei einem Russen, hart ausgesprochen. Das \u201cist\u201d ist eher ein \u201cihssssd\u201d. \u201cNun\u201d eher \u201cNuuuuuuhn\u201d. \u00dcberbetont halt. Wir alberten rum und ich meinte zu ihr das ich nicht verstehe, wieso sie gerade die kurzen Worte, die man ja praktisch auswendig lernen kann so schlecht lesen kann. Habe dann ein paar Seiten gebl\u00e4ttert um Abwechslung zu bekommen und S\u00e4tze weiter hinten aufgeschlagen. \u201cDas Dach ist rot\u201d, \u201cDer Regenbogen ist\u201d (bunt konnte sie nicht lesen), \u201cDie Maus hat \u2026 Augen\u201d (braune machte Schwierigkeiten), \u201cDer Esel mag Rosinen\u201d. Alles anstandslos, ohne auch nur zu \u00fcberlegen, gelesen. <\/p>\n<p align=\"justify\">Wider Erwarten musste ich heute morgen nicht lange beim Neuro warten. Knappe 15 Min. und schon war ich drinnen. Ich erz\u00e4hlte ihm alles, er tippte auf Grippe und meinte, gestern w\u00e4re sicherlich Blut abgenommen worden. Als ich das verneinte, schimpfte er vor sich hin, rief die Arzthelferin und da der Laborabholer gerade in der Praxis war, wurde mir blitzschnell Blut abgezapft. Ich bekam dann noch Termin f\u00fcr ein MRT morgen und eine Krankmeldung und je nachdem was morgen beim MRT raus kommt, darf ich Montag direkt wieder zu ihm (falls Herde da) oder erst mal nur anrufen wegen der Blutergebnisse. <\/p>\n<p align=\"justify\">Gl\u00fcck hatte ich auch mit dem Mitarbeiter von Kalorimeta, der heute die Heizungen nat\u00fcrlich genau zwischen 9 und 10 Uhr ablesen wollte. Schlauerweise hatte ich den Schl\u00fcssel im Kindergarten abgegeben, aber: vergessen einen Zettel an die T\u00fcr zu h\u00e4ngen (und den Kindergarten liest er immer schon 2 Wochen fr\u00fcher ab, muss da also eigentlich nicht mehr rein). Als ich nach Hause kam um 9.34 Uhr, hing eine Benachrichtigung von ihm an meiner T\u00fcr. Ich hab ihn dann auf dem Handy angerufen, um mich zu entschuldigen und: er sa\u00df noch vor dem Haus im Auto und machte gerade Fr\u00fchst\u00fcck *jubel*. <\/p>\n<p align=\"justify\">Chris wird dann morgen fr\u00fch Lena mit zur Schule nehmen und sie da an Susanne \u00fcbergeben. Freier Vormittag f\u00fcr mich, 12.15 Uhr darf ich mein Mittagsschl\u00e4fchen im MRT machen und hinterher hole ich Lena dann wieder bei Susanne ab. <\/p>\n<p align=\"justify\">&#160;<\/p>\n<p align=\"center\"><a href=\"http:\/\/www.anthealein.de\/wp-content\/uploads\/2011\/01\/20012011.jpg\"><img loading=\"lazy\" decoding=\"async\" style=\"background-image: none; border-bottom: 0px; border-left: 0px; padding-left: 0px; padding-right: 0px; display: inline; border-top: 0px; border-right: 0px; padding-top: 0px\" title=\"20012011\" border=\"0\" alt=\"20012011\" src=\"http:\/\/www.anthealein.de\/wp-content\/uploads\/2011\/01\/20012011_thumb.jpg\" width=\"504\" height=\"504\" \/><\/a><\/p>\n<p align=\"center\">&#160;<\/p>\n<p align=\"center\"><a href=\"http:\/\/www.anthealein.de\/wp-content\/uploads\/2011\/01\/20012011II.jpg\"><img loading=\"lazy\" decoding=\"async\" style=\"background-image: none; border-bottom: 0px; border-left: 0px; padding-left: 0px; padding-right: 0px; display: inline; border-top: 0px; border-right: 0px; padding-top: 0px\" title=\"20012011II\" border=\"0\" alt=\"20012011II\" src=\"http:\/\/www.anthealein.de\/wp-content\/uploads\/2011\/01\/20012011II_thumb.jpg\" width=\"504\" height=\"504\" \/><\/a>    <br \/>*rotwerd*<\/p>\n","protected":false},"excerpt":{"rendered":"<p>\u2026 die Gro\u00dfe. Heute Hausaufgabe: ein paar S\u00e4tze 5x lesen. \u201cNino isst Rosinen\u201d, \u201cEs ist \u2026 \u201c, immer wieder auch \u201cich\u201d und \u201cnicht\u201d. Wir haben das, dank Besuch am Nachmittag von Anne, erst heute Abend als Gute-Nacht-Geschichte erledigt. Sie tut sich ein wenig schwer mit den S\u00e4tzen. \u201cEs\u201d wird \u201ceees\u201d ausgesprochen, das \u201cich\u201d und \u201cnicht\u201d [&hellip;]<\/p>\n","protected":false},"author":1,"featured_media":0,"comment_status":"open","ping_status":"open","sticky":false,"template":"","format":"standard","meta":{"footnotes":""},"categories":[3],"tags":[],"class_list":["post-3359","post","type-post","status-publish","format-standard","hentry","category-alles-mogliche"],"_links":{"self":[{"href":"http:\/\/www.anthealein.de\/index.php?rest_route=\/wp\/v2\/posts\/3359","targetHints":{"allow":["GET"]}}],"collection":[{"href":"http:\/\/www.anthealein.de\/index.php?rest_route=\/wp\/v2\/posts"}],"about":[{"href":"http:\/\/www.anthealein.de\/index.php?rest_route=\/wp\/v2\/types\/post"}],"author":[{"embeddable":true,"href":"http:\/\/www.anthealein.de\/index.php?rest_route=\/wp\/v2\/users\/1"}],"replies":[{"embeddable":true,"href":"http:\/\/www.anthealein.de\/index.php?rest_route=%2Fwp%2Fv2%2Fcomments&post=3359"}],"version-history":[{"count":0,"href":"http:\/\/www.anthealein.de\/index.php?rest_route=\/wp\/v2\/posts\/3359\/revisions"}],"wp:attachment":[{"href":"http:\/\/www.anthealein.de\/index.php?rest_route=%2Fwp%2Fv2%2Fmedia&parent=3359"}],"wp:term":[{"taxonomy":"category","embeddable":true,"href":"http:\/\/www.anthealein.de\/index.php?rest_route=%2Fwp%2Fv2%2Fcategories&post=3359"},{"taxonomy":"post_tag","embeddable":true,"href":"http:\/\/www.anthealein.de\/index.php?rest_route=%2Fwp%2Fv2%2Ftags&post=3359"}],"curies":[{"name":"wp","href":"https:\/\/api.w.org\/{rel}","templated":true}]}}