{"id":3342,"date":"2011-01-16T22:19:33","date_gmt":"2011-01-16T21:19:33","guid":{"rendered":"http:\/\/www.anthealein.de\/?p=3342"},"modified":"2011-01-17T21:38:32","modified_gmt":"2011-01-17T20:38:32","slug":"pfel-an-die-macht-umfall","status":"publish","type":"post","link":"http:\/\/www.anthealein.de\/?p=3342","title":{"rendered":"&Auml;pfel an die Macht *umfall*"},"content":{"rendered":"<p>Vorhin ganz vergessen. Heute Abend kuschelnderweise mit beiden Kindern auf der Couch:<\/p>\n<p>Lena (auf mein i-Pod zeigend): \u201cMamas i-Phone?\u201d    <br \/>Ich: \u201cNein, das ist ein i-Pad (mein i-Pod wird von mir gerne mit i-Pad und i-Phone verwechselt *h\u00fcstel*), korrigiere: i-Pod.\u201d     <br \/>Lena nach kurzem \u00dcberlegen: \u201cPapa hat i-Phone?\u201d     <br \/>Ich: \u201cJa, Papa hat ein i-Phone.\u201d     <br \/>Lena: \u201cPapa hei\u00dft Christian?\u201d     <br \/>Ich: \u201cJa, Papa hei\u00dft Christian\u201d     <br \/>Lena zufrieden: \u201cHat i-Phone\u201d<\/p>\n<p>OK, nach dem Namen werden wir von Lena jetzt \u00fcber die \u00c4pfelchen in unseren H\u00e4nden definiert *umfall*. Eindeutig zu viele \u00c4pfel hier im Haushalt.<\/p>\n","protected":false},"excerpt":{"rendered":"<p>Vorhin ganz vergessen. Heute Abend kuschelnderweise mit beiden Kindern auf der Couch: Lena (auf mein i-Pod zeigend): \u201cMamas i-Phone?\u201d Ich: \u201cNein, das ist ein i-Pad (mein i-Pod wird von mir gerne mit i-Pad und i-Phone verwechselt *h\u00fcstel*), korrigiere: i-Pod.\u201d Lena nach kurzem \u00dcberlegen: \u201cPapa hat i-Phone?\u201d Ich: \u201cJa, Papa hat ein i-Phone.\u201d Lena: \u201cPapa hei\u00dft [&hellip;]<\/p>\n","protected":false},"author":1,"featured_media":0,"comment_status":"open","ping_status":"open","sticky":false,"template":"","format":"standard","meta":{"footnotes":""},"categories":[3],"tags":[],"class_list":["post-3342","post","type-post","status-publish","format-standard","hentry","category-alles-mogliche"],"_links":{"self":[{"href":"http:\/\/www.anthealein.de\/index.php?rest_route=\/wp\/v2\/posts\/3342","targetHints":{"allow":["GET"]}}],"collection":[{"href":"http:\/\/www.anthealein.de\/index.php?rest_route=\/wp\/v2\/posts"}],"about":[{"href":"http:\/\/www.anthealein.de\/index.php?rest_route=\/wp\/v2\/types\/post"}],"author":[{"embeddable":true,"href":"http:\/\/www.anthealein.de\/index.php?rest_route=\/wp\/v2\/users\/1"}],"replies":[{"embeddable":true,"href":"http:\/\/www.anthealein.de\/index.php?rest_route=%2Fwp%2Fv2%2Fcomments&post=3342"}],"version-history":[{"count":1,"href":"http:\/\/www.anthealein.de\/index.php?rest_route=\/wp\/v2\/posts\/3342\/revisions"}],"predecessor-version":[{"id":3343,"href":"http:\/\/www.anthealein.de\/index.php?rest_route=\/wp\/v2\/posts\/3342\/revisions\/3343"}],"wp:attachment":[{"href":"http:\/\/www.anthealein.de\/index.php?rest_route=%2Fwp%2Fv2%2Fmedia&parent=3342"}],"wp:term":[{"taxonomy":"category","embeddable":true,"href":"http:\/\/www.anthealein.de\/index.php?rest_route=%2Fwp%2Fv2%2Fcategories&post=3342"},{"taxonomy":"post_tag","embeddable":true,"href":"http:\/\/www.anthealein.de\/index.php?rest_route=%2Fwp%2Fv2%2Ftags&post=3342"}],"curies":[{"name":"wp","href":"https:\/\/api.w.org\/{rel}","templated":true}]}}