{"id":3313,"date":"2011-01-13T23:32:30","date_gmt":"2011-01-13T22:32:30","guid":{"rendered":"http:\/\/www.anthealein.de\/?p=3313"},"modified":"2011-01-13T23:32:30","modified_gmt":"2011-01-13T22:32:30","slug":"gedankenkarussell","status":"publish","type":"post","link":"http:\/\/www.anthealein.de\/?p=3313","title":{"rendered":"Gedankenkarussell&hellip;"},"content":{"rendered":"<p align=\"justify\">Da gibt es in meinem Stammforum gerade eine gro\u00dfe Diskussion \u00fcber Stimmungen, eine Kollegin mit der ich mich auf einmal erstaunlich gut verstehe, Christians Geburtstag (was schenkt man dem Mann?) und Janas Geburtstag (wieso ist im Bullermeck immer der AB an mit der Nachricht man rufe au\u00dferhalb der \u00d6ffnungszeiten an?). Meine kribbelnden Beine (warme, nasse Socken-Gef\u00fchl) sind da schon fast egal. <\/p>\n<p align=\"justify\">Und dann hat man liebe Benutzer und weniger liebe Benutzer, einen Zwerg der Alarm beim Abholen macht, darauf besteht \u201cnur Lena\u201d zu hei\u00dfen und wenn man ihr erz\u00e4hlt das man ja auch einen Zweitnamen h\u00e4tte und ihr den zweiten Namen sagt als Kommentar bekommt \u201coh schei\u00dfe\u201d. Ja danke Lena, ich mag den Namen auch nicht. <\/p>\n<p align=\"justify\">Wenn \u00fcberhaupt kommt morgen nur Marc2, Sandra liegt mit Grippe flach <img decoding=\"async\" style=\"border-bottom-style: none; border-right-style: none; border-top-style: none; border-left-style: none\" class=\"wlEmoticon wlEmoticon-sadsmile\" alt=\"Trauriges Smiley\" src=\"http:\/\/www.anthealein.de\/wp-content\/uploads\/2011\/01\/wlEmoticon-sadsmile.png\" \/> .<\/p>\n<p align=\"justify\">&#160;<\/p>\n<p align=\"justify\">Ach ja, und f\u00fcr Chris der momentan meint, das Jana doch NIE so gewesen w\u00e4re: <a href=\"http:\/\/www.anthealein.de\/?p=467\" target=\"_blank\">Hier<\/a> oder <a href=\"http:\/\/www.anthealein.de\/?p=188\" target=\"_blank\">hier<\/a> und und und \u2026 <\/p>\n<p align=\"justify\">&#160;<\/p>\n<p align=\"center\"><a href=\"http:\/\/www.anthealein.de\/wp-content\/uploads\/2011\/01\/13012011.jpg\"><img loading=\"lazy\" decoding=\"async\" style=\"background-image: none; border-bottom: 0px; border-left: 0px; padding-left: 0px; padding-right: 0px; display: inline; border-top: 0px; border-right: 0px; padding-top: 0px\" title=\"13012011\" border=\"0\" alt=\"13012011\" src=\"http:\/\/www.anthealein.de\/wp-content\/uploads\/2011\/01\/13012011_thumb.jpg\" width=\"504\" height=\"504\" \/><\/a><\/p>\n<p align=\"center\">&#160;<\/p>\n<p align=\"center\"><a href=\"http:\/\/www.anthealein.de\/wp-content\/uploads\/2011\/01\/13012011II.jpg\"><img loading=\"lazy\" decoding=\"async\" style=\"background-image: none; border-bottom: 0px; border-left: 0px; padding-left: 0px; padding-right: 0px; display: inline; border-top: 0px; border-right: 0px; padding-top: 0px\" title=\"13012011II\" border=\"0\" alt=\"13012011II\" src=\"http:\/\/www.anthealein.de\/wp-content\/uploads\/2011\/01\/13012011II_thumb.jpg\" width=\"504\" height=\"504\" \/><\/a><\/p>\n","protected":false},"excerpt":{"rendered":"<p>Da gibt es in meinem Stammforum gerade eine gro\u00dfe Diskussion \u00fcber Stimmungen, eine Kollegin mit der ich mich auf einmal erstaunlich gut verstehe, Christians Geburtstag (was schenkt man dem Mann?) und Janas Geburtstag (wieso ist im Bullermeck immer der AB an mit der Nachricht man rufe au\u00dferhalb der \u00d6ffnungszeiten an?). Meine kribbelnden Beine (warme, nasse [&hellip;]<\/p>\n","protected":false},"author":1,"featured_media":0,"comment_status":"open","ping_status":"open","sticky":false,"template":"","format":"standard","meta":{"footnotes":""},"categories":[3],"tags":[],"class_list":["post-3313","post","type-post","status-publish","format-standard","hentry","category-alles-mogliche"],"_links":{"self":[{"href":"http:\/\/www.anthealein.de\/index.php?rest_route=\/wp\/v2\/posts\/3313","targetHints":{"allow":["GET"]}}],"collection":[{"href":"http:\/\/www.anthealein.de\/index.php?rest_route=\/wp\/v2\/posts"}],"about":[{"href":"http:\/\/www.anthealein.de\/index.php?rest_route=\/wp\/v2\/types\/post"}],"author":[{"embeddable":true,"href":"http:\/\/www.anthealein.de\/index.php?rest_route=\/wp\/v2\/users\/1"}],"replies":[{"embeddable":true,"href":"http:\/\/www.anthealein.de\/index.php?rest_route=%2Fwp%2Fv2%2Fcomments&post=3313"}],"version-history":[{"count":0,"href":"http:\/\/www.anthealein.de\/index.php?rest_route=\/wp\/v2\/posts\/3313\/revisions"}],"wp:attachment":[{"href":"http:\/\/www.anthealein.de\/index.php?rest_route=%2Fwp%2Fv2%2Fmedia&parent=3313"}],"wp:term":[{"taxonomy":"category","embeddable":true,"href":"http:\/\/www.anthealein.de\/index.php?rest_route=%2Fwp%2Fv2%2Fcategories&post=3313"},{"taxonomy":"post_tag","embeddable":true,"href":"http:\/\/www.anthealein.de\/index.php?rest_route=%2Fwp%2Fv2%2Ftags&post=3313"}],"curies":[{"name":"wp","href":"https:\/\/api.w.org\/{rel}","templated":true}]}}