{"id":3280,"date":"2011-01-06T21:34:40","date_gmt":"2011-01-06T20:34:40","guid":{"rendered":"http:\/\/www.anthealein.de\/?p=3280"},"modified":"2011-01-06T21:34:40","modified_gmt":"2011-01-06T20:34:40","slug":"kopfschttel","status":"publish","type":"post","link":"http:\/\/www.anthealein.de\/?p=3280","title":{"rendered":"*Kopfsch&uuml;ttel*"},"content":{"rendered":"<p align=\"justify\">Der Tag ging heute bekanntlich mit Blitzeis und Schulausfall schon gut los. Nach kurzem Rumtelefonieren schlichen wir um 7.30 Uhr aus dem Haus. Chris mit den Kindern zur Garage, ich wollte vorne den Kindersitz von Lena holen, weil Chris die Kinder zu Sanne bringen wollte. An der Haust\u00fcr kam mir schon st\u00f6hnend und schimpfend Janas Kinderg\u00e4rtnerin entgegen und mir schwante \u00dcbles. Ging aber eigentlich. Sitz geholt, zu Chris geschlurft und mich lautstark gefreut, das die Einfahrt relativ frei w\u00e4re, w\u00e4hrend er am st\u00f6hnen \u00fcber die Eisfl\u00e4che vor der Garage war. Kinder untergebracht, mich verabschiedet und auf dem Weg zum Auto fast in der \u201crelativ freien Auffahrt\u201d einen b\u00fchnenreifen Sturz hingelegt. Relativ ist also relativ *g*. <\/p>\n<p align=\"justify\">Die Fahrt zur Arbeit ging dann aber tats\u00e4chlich, aber unseren Parkplatz wollte ich mir \u2013 nachdem ich da gestern schon mit Auto gerutscht bin \u2013 nicht antun. Gegen\u00fcber der B\u00fccherei waren aber mehr als genug Parkpl\u00e4tze frei, ich musste nur zur n\u00e4chsten Kreuzung und wenden. Und da sah ich ihn schon: einen Fu\u00dfg\u00e4nger, der nun aber wirklich b\u00fchnenreif versuchte, auf den B\u00fcrgersteig zu kommen und dabei immer wieder auf allen vieren landete. Er schaffte es dann schlie\u00dflich doch und ich konnte drehen und h\u00e4tte kurz darauf allen Ernstes fast eine Oma mit Stock \u00fcberfahren. Um 7:45 Uhr!!!! Was bittesch\u00f6n k\u00f6nnte es so Wichtiges f\u00fcr eine min. 70-j\u00e4hrige Frau mit Stock drau\u00dfen zu tun geben bei Glatteis??? Ich werde nie verstehen, wieso gerade bei so einem Wetter \u00e4ltere Leute unbedingt auf die Stra\u00dfe m\u00fcssen *kopfsch\u00fcttel*. <\/p>\n<p align=\"justify\">Arbeit war dann relativ ruhig, Jana wollte wieder mal bei Sanne bleiben, Lena und ich fuhren einkaufen (sie schlief, ich flitzte schnell) und kaum waren wir zu Hause, kam auch schon Bine *freu*. Jahaaaaaaaa, sie hat es tats\u00e4chlich mal wieder geschafft, wenn sie auch nur kurz bleiben konnte. Und als sie dann aufbrach, gab Lena ein \u201cOch schade, ich weint\u201d von sich, brachte Bine aber dennoch zur T\u00fcr *g*. <\/p>\n<p>&#160;<\/p>\n<p align=\"center\"><a href=\"http:\/\/www.anthealein.de\/wp-content\/uploads\/2011\/01\/06012011.jpg\"><img loading=\"lazy\" decoding=\"async\" style=\"background-image: none; border-bottom: 0px; border-left: 0px; padding-left: 0px; padding-right: 0px; display: inline; border-top: 0px; border-right: 0px; padding-top: 0px\" title=\"06012011\" border=\"0\" alt=\"06012011\" src=\"http:\/\/www.anthealein.de\/wp-content\/uploads\/2011\/01\/06012011_thumb.jpg\" width=\"504\" height=\"504\" \/><\/a><\/p>\n","protected":false},"excerpt":{"rendered":"<p>Der Tag ging heute bekanntlich mit Blitzeis und Schulausfall schon gut los. Nach kurzem Rumtelefonieren schlichen wir um 7.30 Uhr aus dem Haus. Chris mit den Kindern zur Garage, ich wollte vorne den Kindersitz von Lena holen, weil Chris die Kinder zu Sanne bringen wollte. An der Haust\u00fcr kam mir schon st\u00f6hnend und schimpfend Janas [&hellip;]<\/p>\n","protected":false},"author":1,"featured_media":0,"comment_status":"open","ping_status":"open","sticky":false,"template":"","format":"standard","meta":{"footnotes":""},"categories":[3],"tags":[],"class_list":["post-3280","post","type-post","status-publish","format-standard","hentry","category-alles-mogliche"],"_links":{"self":[{"href":"http:\/\/www.anthealein.de\/index.php?rest_route=\/wp\/v2\/posts\/3280","targetHints":{"allow":["GET"]}}],"collection":[{"href":"http:\/\/www.anthealein.de\/index.php?rest_route=\/wp\/v2\/posts"}],"about":[{"href":"http:\/\/www.anthealein.de\/index.php?rest_route=\/wp\/v2\/types\/post"}],"author":[{"embeddable":true,"href":"http:\/\/www.anthealein.de\/index.php?rest_route=\/wp\/v2\/users\/1"}],"replies":[{"embeddable":true,"href":"http:\/\/www.anthealein.de\/index.php?rest_route=%2Fwp%2Fv2%2Fcomments&post=3280"}],"version-history":[{"count":0,"href":"http:\/\/www.anthealein.de\/index.php?rest_route=\/wp\/v2\/posts\/3280\/revisions"}],"wp:attachment":[{"href":"http:\/\/www.anthealein.de\/index.php?rest_route=%2Fwp%2Fv2%2Fmedia&parent=3280"}],"wp:term":[{"taxonomy":"category","embeddable":true,"href":"http:\/\/www.anthealein.de\/index.php?rest_route=%2Fwp%2Fv2%2Fcategories&post=3280"},{"taxonomy":"post_tag","embeddable":true,"href":"http:\/\/www.anthealein.de\/index.php?rest_route=%2Fwp%2Fv2%2Ftags&post=3280"}],"curies":[{"name":"wp","href":"https:\/\/api.w.org\/{rel}","templated":true}]}}