{"id":3276,"date":"2011-01-05T21:20:57","date_gmt":"2011-01-05T20:20:57","guid":{"rendered":"http:\/\/www.anthealein.de\/?p=3276"},"modified":"2011-01-05T21:21:58","modified_gmt":"2011-01-05T20:21:58","slug":"rund-4000-medien","status":"publish","type":"post","link":"http:\/\/www.anthealein.de\/?p=3276","title":{"rendered":"Rund 4000 Medien &hellip;"},"content":{"rendered":"<p align=\"justify\">\u2026 wurden gestern bei uns \u201cumgeschlagen\u201d. 2300irgendwas Ausleihen, 1800irgendwas R\u00fcckgaben. Und heute Mittag als ich ging, hatten wir auch schon wieder 800 Ausleihen <img decoding=\"async\" style=\"border-bottom-style: none; border-right-style: none; border-top-style: none; border-left-style: none\" class=\"wlEmoticon wlEmoticon-confusedsmile\" alt=\"Verwirrtes Smiley\" src=\"http:\/\/www.anthealein.de\/wp-content\/uploads\/2011\/01\/wlEmoticon-confusedsmile.png\" \/> . Absoluter Wahnsinn!<\/p>\n<p align=\"justify\">Jana wollte heute bei Anne bleiben, also durfte ich den Nachmittag nur mit Lena verbringen. Und die ist momentan ein wenig merkw\u00fcrdig drauf. Alle paar Minuten klammerte sie sich an mich \u201cArm? Arm? Da ist ein\/kommt ein Nilpferd Angst!\u201d. Nur variiert von dem selben Spruch nur mit \u201cein Deo\u201d *lach*. Ich hab ihr dann ein Deo gezeigt *fg*. Andererseits suchte sie zeitweise ihre H\u00f6hle *kopfkratz* und wollte, das ich die suche. Und als ich ihr sagte, das sie keine H\u00f6hle h\u00e4tte, aber ja gerne suchen k\u00f6nne, rannte sie \u201cH\u00f6hle?\u201d rufend durch die Wohnung *piepvogelzeig*. In ihr Bett wollte sie auch nicht (\u201cAngst!\u201d), daf\u00fcr schon um 16 Uhr in mein Bett. Alles merkw\u00fcrdig. Ich vermute gaaaaaaaaanz stark, das mir eine Murmeltier-Nacht bevor steht. <\/p>\n<p align=\"justify\">&#160;<\/p>\n<p align=\"center\"><a href=\"http:\/\/www.anthealein.de\/wp-content\/uploads\/2011\/01\/05012011.jpg\"><img loading=\"lazy\" decoding=\"async\" style=\"background-image: none; border-bottom: 0px; border-left: 0px; padding-left: 0px; padding-right: 0px; display: inline; border-top: 0px; border-right: 0px; padding-top: 0px\" title=\"05012011\" border=\"0\" alt=\"05012011\" src=\"http:\/\/www.anthealein.de\/wp-content\/uploads\/2011\/01\/05012011_thumb.jpg\" width=\"504\" height=\"504\" \/><\/a><\/p>\n","protected":false},"excerpt":{"rendered":"<p>\u2026 wurden gestern bei uns \u201cumgeschlagen\u201d. 2300irgendwas Ausleihen, 1800irgendwas R\u00fcckgaben. Und heute Mittag als ich ging, hatten wir auch schon wieder 800 Ausleihen . Absoluter Wahnsinn! Jana wollte heute bei Anne bleiben, also durfte ich den Nachmittag nur mit Lena verbringen. Und die ist momentan ein wenig merkw\u00fcrdig drauf. Alle paar Minuten klammerte sie sich [&hellip;]<\/p>\n","protected":false},"author":1,"featured_media":0,"comment_status":"open","ping_status":"open","sticky":false,"template":"","format":"standard","meta":{"footnotes":""},"categories":[3],"tags":[],"class_list":["post-3276","post","type-post","status-publish","format-standard","hentry","category-alles-mogliche"],"_links":{"self":[{"href":"http:\/\/www.anthealein.de\/index.php?rest_route=\/wp\/v2\/posts\/3276","targetHints":{"allow":["GET"]}}],"collection":[{"href":"http:\/\/www.anthealein.de\/index.php?rest_route=\/wp\/v2\/posts"}],"about":[{"href":"http:\/\/www.anthealein.de\/index.php?rest_route=\/wp\/v2\/types\/post"}],"author":[{"embeddable":true,"href":"http:\/\/www.anthealein.de\/index.php?rest_route=\/wp\/v2\/users\/1"}],"replies":[{"embeddable":true,"href":"http:\/\/www.anthealein.de\/index.php?rest_route=%2Fwp%2Fv2%2Fcomments&post=3276"}],"version-history":[{"count":1,"href":"http:\/\/www.anthealein.de\/index.php?rest_route=\/wp\/v2\/posts\/3276\/revisions"}],"predecessor-version":[{"id":3277,"href":"http:\/\/www.anthealein.de\/index.php?rest_route=\/wp\/v2\/posts\/3276\/revisions\/3277"}],"wp:attachment":[{"href":"http:\/\/www.anthealein.de\/index.php?rest_route=%2Fwp%2Fv2%2Fmedia&parent=3276"}],"wp:term":[{"taxonomy":"category","embeddable":true,"href":"http:\/\/www.anthealein.de\/index.php?rest_route=%2Fwp%2Fv2%2Fcategories&post=3276"},{"taxonomy":"post_tag","embeddable":true,"href":"http:\/\/www.anthealein.de\/index.php?rest_route=%2Fwp%2Fv2%2Ftags&post=3276"}],"curies":[{"name":"wp","href":"https:\/\/api.w.org\/{rel}","templated":true}]}}