{"id":3272,"date":"2011-01-04T21:21:46","date_gmt":"2011-01-04T20:21:46","guid":{"rendered":"http:\/\/www.anthealein.de\/?p=3272"},"modified":"2011-01-04T21:21:46","modified_gmt":"2011-01-04T20:21:46","slug":"wenn-frau-die-arbeit-verlsst","status":"publish","type":"post","link":"http:\/\/www.anthealein.de\/?p=3272","title":{"rendered":"Wenn Frau die Arbeit verl&auml;sst &hellip;"},"content":{"rendered":"<p align=\"justify\">\u2026 und kaum ist sie drau\u00dfen \u201cSo ein Wahnsinn, warum schickst du mich in die H\u00f6lle? H\u00f6lle! H\u00f6lle! H\u00f6lle!\u201d tr\u00e4llert. Dann, ja dann: war es eine Megaausleihe. Ging schon um 10:45 Uhr ca. los. Offizielle Er\u00f6ffnung dann um Punkt 11 Uhr und ab da waren wir eigentlich permanent an 3 Rechnern am rotieren und der Rest der Kolleginnen zur\u00fcckgekommene B\u00fccher am durchschauen und wegstellen. Die Statistik meldete 688 Ausleihen bevor ich ging, so wenig haben wir manchmal an ganz schlechten Donnerstagen am ganzen Tag. <\/p>\n<p align=\"justify\">Und nat\u00fcrlich lief auch ein Kameramann vom FRF da rum, filmte flei\u00dfig und: schnitt mich raus *lach*. Falls trotzdem jemand schauen mag: <a href=\"http:\/\/www.friesischer-rundfunk.de\/Medienzentrum\/playerPOP.asp?ID=11643\" target=\"_blank\">hier<\/a> gibt es das Filmchen <img decoding=\"async\" style=\"border-bottom-style: none; border-right-style: none; border-top-style: none; border-left-style: none\" class=\"wlEmoticon wlEmoticon-smile\" alt=\"Smiley\" src=\"http:\/\/www.anthealein.de\/wp-content\/uploads\/2011\/01\/wlEmoticon-smile1.png\" \/> .<\/p>\n<p align=\"justify\">Nach der Arbeit schnell mit Brummsch\u00e4del zu Susanne gefahren, die Kinder abholen, minimal kurz bei Netto rein geh\u00fcpft und zu Hause dann mit Kopfschmerztablette intus sauber gemacht (jahaaaaaa, da sieht man schon wieder nicht mehr viel von *grummel*). Die Kinder haben derweil relativ friedlich gespielt, wenn auch manchmal ziemlich laut. Und irgendwas m\u00fcssen wir wohl richtig machen, wenn Jana mir ein Briefchen mit \u201cJana mag Mama\u201d schreibt und Lena mich beim Wickeln umarmt um mir ein \u201cich liebe du!\u201d ins Ohr zu s\u00e4useln *schmelz*. <\/p>\n<p align=\"justify\">&#160;<\/p>\n<p align=\"center\"><a href=\"http:\/\/www.anthealein.de\/wp-content\/uploads\/2011\/01\/04012011.jpg\"><img loading=\"lazy\" decoding=\"async\" style=\"background-image: none; border-bottom: 0px; border-left: 0px; padding-left: 0px; padding-right: 0px; display: inline; border-top: 0px; border-right: 0px; padding-top: 0px\" title=\"04012011\" border=\"0\" alt=\"04012011\" src=\"http:\/\/www.anthealein.de\/wp-content\/uploads\/2011\/01\/04012011_thumb.jpg\" width=\"504\" height=\"504\" \/><\/a><\/p>\n<p align=\"center\">&#160;<\/p>\n<p align=\"center\"><a href=\"http:\/\/www.anthealein.de\/wp-content\/uploads\/2011\/01\/04012011II.jpg\"><img loading=\"lazy\" decoding=\"async\" style=\"background-image: none; border-bottom: 0px; border-left: 0px; padding-left: 0px; padding-right: 0px; display: inline; border-top: 0px; border-right: 0px; padding-top: 0px\" title=\"04012011II\" border=\"0\" alt=\"04012011II\" src=\"http:\/\/www.anthealein.de\/wp-content\/uploads\/2011\/01\/04012011II_thumb.jpg\" width=\"504\" height=\"504\" \/><\/a><\/p>\n","protected":false},"excerpt":{"rendered":"<p>\u2026 und kaum ist sie drau\u00dfen \u201cSo ein Wahnsinn, warum schickst du mich in die H\u00f6lle? H\u00f6lle! H\u00f6lle! H\u00f6lle!\u201d tr\u00e4llert. Dann, ja dann: war es eine Megaausleihe. Ging schon um 10:45 Uhr ca. los. Offizielle Er\u00f6ffnung dann um Punkt 11 Uhr und ab da waren wir eigentlich permanent an 3 Rechnern am rotieren und der [&hellip;]<\/p>\n","protected":false},"author":1,"featured_media":0,"comment_status":"open","ping_status":"open","sticky":false,"template":"","format":"standard","meta":{"footnotes":""},"categories":[3],"tags":[],"class_list":["post-3272","post","type-post","status-publish","format-standard","hentry","category-alles-mogliche"],"_links":{"self":[{"href":"http:\/\/www.anthealein.de\/index.php?rest_route=\/wp\/v2\/posts\/3272","targetHints":{"allow":["GET"]}}],"collection":[{"href":"http:\/\/www.anthealein.de\/index.php?rest_route=\/wp\/v2\/posts"}],"about":[{"href":"http:\/\/www.anthealein.de\/index.php?rest_route=\/wp\/v2\/types\/post"}],"author":[{"embeddable":true,"href":"http:\/\/www.anthealein.de\/index.php?rest_route=\/wp\/v2\/users\/1"}],"replies":[{"embeddable":true,"href":"http:\/\/www.anthealein.de\/index.php?rest_route=%2Fwp%2Fv2%2Fcomments&post=3272"}],"version-history":[{"count":0,"href":"http:\/\/www.anthealein.de\/index.php?rest_route=\/wp\/v2\/posts\/3272\/revisions"}],"wp:attachment":[{"href":"http:\/\/www.anthealein.de\/index.php?rest_route=%2Fwp%2Fv2%2Fmedia&parent=3272"}],"wp:term":[{"taxonomy":"category","embeddable":true,"href":"http:\/\/www.anthealein.de\/index.php?rest_route=%2Fwp%2Fv2%2Fcategories&post=3272"},{"taxonomy":"post_tag","embeddable":true,"href":"http:\/\/www.anthealein.de\/index.php?rest_route=%2Fwp%2Fv2%2Ftags&post=3272"}],"curies":[{"name":"wp","href":"https:\/\/api.w.org\/{rel}","templated":true}]}}