{"id":3224,"date":"2010-12-30T21:48:02","date_gmt":"2010-12-30T20:48:02","guid":{"rendered":"http:\/\/www.anthealein.de\/?p=3224"},"modified":"2010-12-30T21:48:02","modified_gmt":"2010-12-30T20:48:02","slug":"gemtliches-zusammensitzen","status":"publish","type":"post","link":"http:\/\/www.anthealein.de\/?p=3224","title":{"rendered":"Gem&uuml;tliches Zusammensitzen &hellip;"},"content":{"rendered":"<p align=\"justify\">\u2026 f\u00e4llt aus *g*. Marc und Sandra wollten ja eh evtl. nur ganz ganz vielleicht kommen und haben die Woche mehr als genug um die Ohren. Thorsten rief dann vorhin an, bei dem Glatteis mochte er nicht mehr los. Und Nico sollte dann auch lieber zu Hause bleiben. Mistwetter da drau\u00dfen *schimpf*. <\/p>\n<p align=\"justify\">Der Tag begann heute mal wieder gut: ganze 20 Minuten nachdem ich endlich eingeschlafen war. Um ca. 4 Uhr durften wir endlich schlafen und um 8.33 Uhr schmiss mich Jana dann raus: \u201cMamaaaaaaaa, Lena stinkt!!!\u201d <img decoding=\"async\" style=\"border-bottom-style: none; border-right-style: none; border-top-style: none; border-left-style: none\" class=\"wlEmoticon wlEmoticon-confusedsmile\" alt=\"Verwirrtes Smiley\" src=\"http:\/\/www.anthealein.de\/wp-content\/uploads\/2010\/12\/wlEmoticon-confusedsmile.png\" \/> . N\u00f6, Lena stank nicht, aber Mama war ja nu wach also sind wir alle aufgestanden. Einkaufen bei Lidl, dann zu Rewe (der Laden hatte n\u00fcscht von dem, was ich brauchte), zur n\u00e4chstgelegenen Apotheke die Lotion f\u00fcr Lena bestellt, zu Combi und wieder nach Hause. Die ganze Zeit hab ich Chris unterwegs gel\u00f6chert weil er zuletzt in den K\u00fchlschrank geschaut hatte, ob wir noch Aufschnitt brauchen. N\u00f6\u00f6\u00f6\u00f6\u00f6\u00f6\u00f6\u00f6, ist noch alles da. Jaha, das haben wir heute Abend gemerkt und morgen darf Chris sich dann nochmal ins Get\u00fcmmel st\u00fcrzen. <\/p>\n<p align=\"justify\">Zu Hause dann durchgewirbelt, eben in Jever angerufen und kurz nach 15 Uhr ging es auch schon wieder los. Schwesterchen ihren Kalender vorbei gebracht, Lenas Lotion in der Apotheke geholt (und kurzen Schnack mit Peter gehalten, der auch dort was holte) und dann ab nach Jever, den Sitzsack holen. Danach sind wir noch zum Second-Hand-Laden in Schortens, wo Jana ein Puzzle abstaubte und ich ein Buch und schon wieder ab nach Hause. Und vorbei war der Tag <img decoding=\"async\" style=\"border-bottom-style: none; border-right-style: none; border-top-style: none; border-left-style: none\" class=\"wlEmoticon wlEmoticon-openmouthedsmile\" alt=\"Smiley mit ge\u00f6ffnetem Mund\" src=\"http:\/\/www.anthealein.de\/wp-content\/uploads\/2010\/12\/wlEmoticon-openmouthedsmile1.png\" \/> . <\/p>\n<p align=\"justify\">Morgen darf Chris wie gesagt einkaufen, Siggi holt Jana mittags ab und ansonsten: mal schauen. Bineeeeeee? Ich w\u00e4re den ganzen Tag da *winkmitdemStrommast*. <\/p>\n<p align=\"justify\">Ach ja, mein Highlight des Tages: Lena, die mich mit \u201cmeine Mami\u201d-Seufzen umarmt <img decoding=\"async\" style=\"border-bottom-style: none; border-right-style: none; border-top-style: none; border-left-style: none\" class=\"wlEmoticon wlEmoticon-smile\" alt=\"Smiley\" src=\"http:\/\/www.anthealein.de\/wp-content\/uploads\/2010\/12\/wlEmoticon-smile2.png\" \/> . <\/p>\n<p align=\"justify\">&#160;<\/p>\n<p align=\"center\"><a href=\"http:\/\/www.anthealein.de\/wp-content\/uploads\/2010\/12\/30122010.jpg\"><img loading=\"lazy\" decoding=\"async\" style=\"background-image: none; border-bottom: 0px; border-left: 0px; padding-left: 0px; padding-right: 0px; display: inline; border-top: 0px; border-right: 0px; padding-top: 0px\" title=\"30122010\" border=\"0\" alt=\"30122010\" src=\"http:\/\/www.anthealein.de\/wp-content\/uploads\/2010\/12\/30122010_thumb.jpg\" width=\"504\" height=\"504\" \/><\/a><\/p>\n<p align=\"center\">&#160;<\/p>\n<p align=\"center\"><a href=\"http:\/\/www.anthealein.de\/wp-content\/uploads\/2010\/12\/30122010II.jpg\"><img loading=\"lazy\" decoding=\"async\" style=\"background-image: none; border-bottom: 0px; border-left: 0px; padding-left: 0px; padding-right: 0px; display: inline; border-top: 0px; border-right: 0px; padding-top: 0px\" title=\"30122010II\" border=\"0\" alt=\"30122010II\" src=\"http:\/\/www.anthealein.de\/wp-content\/uploads\/2010\/12\/30122010II_thumb.jpg\" width=\"504\" height=\"504\" \/><\/a><\/p>\n<p align=\"center\">&#160;<\/p>\n<p align=\"center\"><a href=\"http:\/\/www.anthealein.de\/wp-content\/uploads\/2010\/12\/30122010III.jpg\"><img loading=\"lazy\" decoding=\"async\" style=\"background-image: none; border-bottom: 0px; border-left: 0px; padding-left: 0px; padding-right: 0px; display: inline; border-top: 0px; border-right: 0px; padding-top: 0px\" title=\"30122010III\" border=\"0\" alt=\"30122010III\" src=\"http:\/\/www.anthealein.de\/wp-content\/uploads\/2010\/12\/30122010III_thumb.jpg\" width=\"504\" height=\"504\" \/><\/a><\/p>\n","protected":false},"excerpt":{"rendered":"<p>\u2026 f\u00e4llt aus *g*. Marc und Sandra wollten ja eh evtl. nur ganz ganz vielleicht kommen und haben die Woche mehr als genug um die Ohren. Thorsten rief dann vorhin an, bei dem Glatteis mochte er nicht mehr los. Und Nico sollte dann auch lieber zu Hause bleiben. Mistwetter da drau\u00dfen *schimpf*. Der Tag begann [&hellip;]<\/p>\n","protected":false},"author":1,"featured_media":0,"comment_status":"open","ping_status":"open","sticky":false,"template":"","format":"standard","meta":{"footnotes":""},"categories":[3],"tags":[],"class_list":["post-3224","post","type-post","status-publish","format-standard","hentry","category-alles-mogliche"],"_links":{"self":[{"href":"http:\/\/www.anthealein.de\/index.php?rest_route=\/wp\/v2\/posts\/3224","targetHints":{"allow":["GET"]}}],"collection":[{"href":"http:\/\/www.anthealein.de\/index.php?rest_route=\/wp\/v2\/posts"}],"about":[{"href":"http:\/\/www.anthealein.de\/index.php?rest_route=\/wp\/v2\/types\/post"}],"author":[{"embeddable":true,"href":"http:\/\/www.anthealein.de\/index.php?rest_route=\/wp\/v2\/users\/1"}],"replies":[{"embeddable":true,"href":"http:\/\/www.anthealein.de\/index.php?rest_route=%2Fwp%2Fv2%2Fcomments&post=3224"}],"version-history":[{"count":0,"href":"http:\/\/www.anthealein.de\/index.php?rest_route=\/wp\/v2\/posts\/3224\/revisions"}],"wp:attachment":[{"href":"http:\/\/www.anthealein.de\/index.php?rest_route=%2Fwp%2Fv2%2Fmedia&parent=3224"}],"wp:term":[{"taxonomy":"category","embeddable":true,"href":"http:\/\/www.anthealein.de\/index.php?rest_route=%2Fwp%2Fv2%2Fcategories&post=3224"},{"taxonomy":"post_tag","embeddable":true,"href":"http:\/\/www.anthealein.de\/index.php?rest_route=%2Fwp%2Fv2%2Ftags&post=3224"}],"curies":[{"name":"wp","href":"https:\/\/api.w.org\/{rel}","templated":true}]}}