{"id":3020,"date":"2010-12-01T23:38:58","date_gmt":"2010-12-01T21:38:58","guid":{"rendered":"http:\/\/www.anthealein.de\/?p=3020"},"modified":"2010-12-01T23:38:58","modified_gmt":"2010-12-01T21:38:58","slug":"dableiben","status":"publish","type":"post","link":"http:\/\/www.anthealein.de\/?p=3020","title":{"rendered":"&ldquo;Dableiben&rdquo;"},"content":{"rendered":"<p align=\"justify\">verlangte Lena heute lautstark, als ich verk\u00fcndete, kurz Sanne besuchen zu wollen. Jupp, das Kind hat eindeutig Tagesmutterentzug. Noch entt\u00e4uschender war dann f\u00fcr sie, das wir Sanne gerade beim Wegfahren erwischten. Also nur eben die Monatsabrechnung von Auto zu Auto gereicht und weiter gefahren. <\/p>\n<p align=\"justify\">Ansonsten war ich heute nur mit Lena auf Arbeit, einkaufen, Jana holen und dann ab zur Arbeitskollegin. Und wieder zu Hause war schon Zeit f\u00fcrs Abendessen kochen.<\/p>\n<p align=\"justify\">Spannend finde ich immer noch, WIE anders Lena als Jana ist. Heute morgen wollte sie eine Caillou-CD angemacht haben. Und w\u00e4hrend sie nebenbei am spielen war, konnte man trotzdem merken wie sch\u00f6n sie zu h\u00f6rte, weil sie immer mal wieder Kommentare zu der Geschichte ab gab. H\u00e4tte Jana in dem Alter niemals gemacht. Und auch als wir zu meiner Ex-Arbeitskollegin kamen. Sie kennt sie zwar, hat sie aber schon l\u00e4nger nicht mehr gesehen und eben so wenig deren Mann. Trotzdem waren wir kaum zur T\u00fcr rein, als sie ihm schon erz\u00e4hlte das sie ein Hasi h\u00e4tte und m\u00fcde w\u00e4re und ich kalte H\u00e4nde h\u00e4tte. Unglaublich, die Gro\u00dfe hingegen klebte noch 10 Minuten an mir, bevor sie auftaute.<\/p>\n<p>&#160;<\/p>\n<p align=\"center\"><a href=\"http:\/\/www.anthealein.de\/wp-content\/uploads\/2010\/12\/01122010.jpg\"><img loading=\"lazy\" decoding=\"async\" style=\"border-bottom: 0px; border-left: 0px; display: inline; border-top: 0px; border-right: 0px\" title=\"01122010\" border=\"0\" alt=\"01122010\" src=\"http:\/\/www.anthealein.de\/wp-content\/uploads\/2010\/12\/01122010_thumb.jpg\" width=\"504\" height=\"504\" \/><\/a><\/p>\n<p align=\"center\">&#160;<\/p>\n<p align=\"center\"><a href=\"http:\/\/www.anthealein.de\/wp-content\/uploads\/2010\/12\/01122010II.jpg\"><img loading=\"lazy\" decoding=\"async\" style=\"border-bottom: 0px; border-left: 0px; display: inline; border-top: 0px; border-right: 0px\" title=\"01122010II\" border=\"0\" alt=\"01122010II\" src=\"http:\/\/www.anthealein.de\/wp-content\/uploads\/2010\/12\/01122010II_thumb.jpg\" width=\"504\" height=\"504\" \/><\/a><\/p>\n<p align=\"justify\">&#160;<\/p>\n<\/p>\n<p align=\"justify\">Janas Wunschzettel *lach*. Ich \u00fcbersetze mal: <a href=\"http:\/\/www.mytoys.de\/catalog\/search?query=schleichtiere&amp;productsPerPage=20\" target=\"_blank\">Schleichtiere<\/a>, <a href=\"http:\/\/www.mytoys.de\/BABY-born-BABY-born-Motorroller-ferngesteuert-rosa\/BABY-born\/BABY-born-Annabell-Chou-Chou\/KID\/de-mt.to.br01.46.02.02\/1872840\" target=\"_blank\">Baby Born Motorroller<\/a> + der dazugeh\u00f6rigen <a href=\"http:\/\/www.mytoys.de\/BABY-born-BABY-born-Puppenkleidung-Motorroller-rosa-43-cm\/BABY-born\/BABY-born-Annabell-Chou-Chou\/KID\/de-mt.to.br01.46.02.02\/1872834\" target=\"_blank\">Puppenkleidung<\/a> (wichtig wegen dem Helm), <a href=\"http:\/\/www.mytoys.de\/IMC-Toys-Barbie-Gitarre-und-Mikrofon\/Barbie-Spielzeug\/Barbie\/KID\/de-mt.lc.lc01.12.01\/1882633\" target=\"_blank\">Standmikrofon<\/a>, Schere :shock_tb: , <a href=\"http:\/\/www.mytoys.de\/BABY-born-BABY-born-Puppenkleidung-GIRL-Schneeanzug-43-cm\/BABY-born\/BABY-born-Annabell-Chou-Chou\/KID\/de-mt.to.br01.46.02.02\/2054649\" target=\"_blank\">Skianzug und Schuhe<\/a> f\u00fcr Baby Born, Polly Pocket <a href=\"http:\/\/www.mytoys.de\/Polly-Pocket-POLLY-POCKET-Popstar-Tourb%C3%BChne\/Puppen-nach-Marken\/Puppen\/KID\/de-mt.to.ca02.12.02.04\/2077197\" target=\"_blank\">Tourb\u00fchne<\/a> (wobei ich glaub, das sie das falsch verstanden hat, weil sie von einem Radio ausgeht *gr\u00fcbel*) und eine Armbanduhr. Den Sitzsack hat sie glatt vergessen zu notieren *g*.<\/p>\n","protected":false},"excerpt":{"rendered":"<p>verlangte Lena heute lautstark, als ich verk\u00fcndete, kurz Sanne besuchen zu wollen. Jupp, das Kind hat eindeutig Tagesmutterentzug. Noch entt\u00e4uschender war dann f\u00fcr sie, das wir Sanne gerade beim Wegfahren erwischten. Also nur eben die Monatsabrechnung von Auto zu Auto gereicht und weiter gefahren. Ansonsten war ich heute nur mit Lena auf Arbeit, einkaufen, Jana [&hellip;]<\/p>\n","protected":false},"author":1,"featured_media":0,"comment_status":"open","ping_status":"open","sticky":false,"template":"","format":"standard","meta":{"footnotes":""},"categories":[3],"tags":[],"class_list":["post-3020","post","type-post","status-publish","format-standard","hentry","category-alles-mogliche"],"_links":{"self":[{"href":"http:\/\/www.anthealein.de\/index.php?rest_route=\/wp\/v2\/posts\/3020","targetHints":{"allow":["GET"]}}],"collection":[{"href":"http:\/\/www.anthealein.de\/index.php?rest_route=\/wp\/v2\/posts"}],"about":[{"href":"http:\/\/www.anthealein.de\/index.php?rest_route=\/wp\/v2\/types\/post"}],"author":[{"embeddable":true,"href":"http:\/\/www.anthealein.de\/index.php?rest_route=\/wp\/v2\/users\/1"}],"replies":[{"embeddable":true,"href":"http:\/\/www.anthealein.de\/index.php?rest_route=%2Fwp%2Fv2%2Fcomments&post=3020"}],"version-history":[{"count":0,"href":"http:\/\/www.anthealein.de\/index.php?rest_route=\/wp\/v2\/posts\/3020\/revisions"}],"wp:attachment":[{"href":"http:\/\/www.anthealein.de\/index.php?rest_route=%2Fwp%2Fv2%2Fmedia&parent=3020"}],"wp:term":[{"taxonomy":"category","embeddable":true,"href":"http:\/\/www.anthealein.de\/index.php?rest_route=%2Fwp%2Fv2%2Fcategories&post=3020"},{"taxonomy":"post_tag","embeddable":true,"href":"http:\/\/www.anthealein.de\/index.php?rest_route=%2Fwp%2Fv2%2Ftags&post=3020"}],"curies":[{"name":"wp","href":"https:\/\/api.w.org\/{rel}","templated":true}]}}