{"id":2984,"date":"2010-11-25T23:02:26","date_gmt":"2010-11-25T21:02:26","guid":{"rendered":"http:\/\/www.anthealein.de\/?p=2984"},"modified":"2010-11-25T23:03:12","modified_gmt":"2010-11-25T21:03:12","slug":"man-sollte-sich-nie-zu-frh-freuen-g","status":"publish","type":"post","link":"http:\/\/www.anthealein.de\/?p=2984","title":{"rendered":"Man sollte sich nie zu fr&uuml;h freuen *g*,"},"content":{"rendered":"<p align=\"justify\">das man Arbeit auf dem Tisch hat. Heute hat Chef n\u00e4mlich noch mal gute 20-30 CDs angeschleppt. Urlaub? Da war doch was? Na egal, was dringend ist (Bravo und co.) arbeite ich morgen und \u00fcbermorgen noch ein, der Rest darf bis nach meinem Urlaub warten. Der hat sich heute auch noch mal gewandelt. Andrea war so lieb und kam von sich aus an, um mich zu fragen ob sie nicht n\u00e4chste Woche den Sp\u00e4tdienst machen soll. Wenn sie mir das schon sooooo lieb anbietet, dann werde ich mich h\u00fcten und nein sagen *g*. <\/p>\n<p align=\"justify\">Lena macht sich immer noch pr\u00e4chtig und sabbelt uns ein Ohr ab, Jana kam heute aus der Schule wieder und informierte uns, das sie jetzt am Donnerstag immer in einem Spezialunterricht w\u00e4re, weil sie das \u201cSch\u201d und irgendwas anderes nicht richtig aussprechen w\u00fcrde. H\u00e4? Wie? Was? Wo? Logop\u00e4die oder wie? W\u00e4re ja nett, wenn wir Eltern auch mal eine Info in der Postmappe h\u00e4tten. Und das sie das \u201cSch\u201d nicht richtig ausspricht, w\u00e4re mir auch neu. Chris darf morgen mal nachhaken, was da los sein soll. <\/p>\n<p align=\"justify\">Und dann bemerkte Melli heute auch noch, das ihr Jana auch so ver\u00e4ndert vorkommen w\u00fcrde, viel ruhiger als fr\u00fcher und nicht so aufgedreht *kopfkratz*. Jana h\u00f6rt jetzt \u00f6fter mal zu, statt nur dazwischen zu quatschen, aber das sie ruhiger ist, k\u00f6nnte ich nicht behaupten. <\/p>\n<p align=\"justify\">Na schauen wir mal, wie sich die n\u00e4chsten Wochen noch alles entwickelt \ud83d\ude42<\/p>\n<p align=\"justify\">&#160;<\/p>\n<p align=\"center\"><a href=\"http:\/\/www.anthealein.de\/wp-content\/uploads\/2010\/11\/25112010.jpg\"><img loading=\"lazy\" decoding=\"async\" style=\"border-bottom: 0px; border-left: 0px; display: inline; border-top: 0px; border-right: 0px\" title=\"25112010\" border=\"0\" alt=\"25112010\" src=\"http:\/\/www.anthealein.de\/wp-content\/uploads\/2010\/11\/25112010_thumb.jpg\" width=\"504\" height=\"504\" \/><\/a><\/p>\n","protected":false},"excerpt":{"rendered":"<p>das man Arbeit auf dem Tisch hat. Heute hat Chef n\u00e4mlich noch mal gute 20-30 CDs angeschleppt. Urlaub? Da war doch was? Na egal, was dringend ist (Bravo und co.) arbeite ich morgen und \u00fcbermorgen noch ein, der Rest darf bis nach meinem Urlaub warten. Der hat sich heute auch noch mal gewandelt. Andrea war [&hellip;]<\/p>\n","protected":false},"author":1,"featured_media":0,"comment_status":"open","ping_status":"open","sticky":false,"template":"","format":"standard","meta":{"footnotes":""},"categories":[3],"tags":[],"class_list":["post-2984","post","type-post","status-publish","format-standard","hentry","category-alles-mogliche"],"_links":{"self":[{"href":"http:\/\/www.anthealein.de\/index.php?rest_route=\/wp\/v2\/posts\/2984","targetHints":{"allow":["GET"]}}],"collection":[{"href":"http:\/\/www.anthealein.de\/index.php?rest_route=\/wp\/v2\/posts"}],"about":[{"href":"http:\/\/www.anthealein.de\/index.php?rest_route=\/wp\/v2\/types\/post"}],"author":[{"embeddable":true,"href":"http:\/\/www.anthealein.de\/index.php?rest_route=\/wp\/v2\/users\/1"}],"replies":[{"embeddable":true,"href":"http:\/\/www.anthealein.de\/index.php?rest_route=%2Fwp%2Fv2%2Fcomments&post=2984"}],"version-history":[{"count":1,"href":"http:\/\/www.anthealein.de\/index.php?rest_route=\/wp\/v2\/posts\/2984\/revisions"}],"predecessor-version":[{"id":2985,"href":"http:\/\/www.anthealein.de\/index.php?rest_route=\/wp\/v2\/posts\/2984\/revisions\/2985"}],"wp:attachment":[{"href":"http:\/\/www.anthealein.de\/index.php?rest_route=%2Fwp%2Fv2%2Fmedia&parent=2984"}],"wp:term":[{"taxonomy":"category","embeddable":true,"href":"http:\/\/www.anthealein.de\/index.php?rest_route=%2Fwp%2Fv2%2Fcategories&post=2984"},{"taxonomy":"post_tag","embeddable":true,"href":"http:\/\/www.anthealein.de\/index.php?rest_route=%2Fwp%2Fv2%2Ftags&post=2984"}],"curies":[{"name":"wp","href":"https:\/\/api.w.org\/{rel}","templated":true}]}}