{"id":2969,"date":"2010-11-22T22:52:46","date_gmt":"2010-11-22T20:52:46","guid":{"rendered":"http:\/\/www.anthealein.de\/?p=2969"},"modified":"2010-11-22T22:52:46","modified_gmt":"2010-11-22T20:52:46","slug":"und-tglich-grt-das-murmeltier-ghn","status":"publish","type":"post","link":"http:\/\/www.anthealein.de\/?p=2969","title":{"rendered":"&hellip; und t&auml;glich gr&uuml;&szlig;t das Murmeltier *g&auml;hn*"},"content":{"rendered":"<p align=\"justify\">Zweite Sonntag-auf-Montag-Nacht, 2. Anlauf. Lena wieder ohne Mittagsschlaf, m\u00fcsste also dementsprechend m\u00fcde sein. M\u00dcSSTE!<\/p>\n<p align=\"justify\">22:16 Uhr: Babyphone meldet: Kind wach. Ich latsche hin, erkl\u00e4re lang und breit das wir noch nicht ins Bett gehen, ich sie aber gleich gerne r\u00fcber hole. Streicheleinheiten mit Korrekturen (\u201cNicht da, Bauch streicheln!!!) und dann darf ich kurz ins Wohnzimmer entfliehen. Bei Jana hat das immer geklappt die kurzen Pausen zum Einschlafen, bei Lena klappt es nicht. Nach zig Wiederholungen gibt Chris auf.<\/p>\n<p align=\"justify\">23:40 Uhr: Chris verschwindet mit Lena im Bett.   <\/p>\n<p>00:12 Uhr: Ich schleiche hinterher. Chris schnarcht schon halb, Lena erfreut sich ihres Wachseins. Ich schlaf erstaunlicherweise trotz wachem Kind relativ fix ein, nachdem ich ein paar Mal \u201cMama Scho\u00df schlafen?\u201d abgeschmettert hab. Mama will auf Seite schlafen.<\/p>\n<p align=\"justify\">1:36 Uhr: Ich muss mal und rechne schon fast damit, das mir gleich wieder \u201cHallooooooooo\u201d entgegen geschmettert wird. Aber nein, Lena fragt nur ganz geschickt \u201cbei Mama schlafen?\u201d als ich wieder komme und zieht mit ihrem Kissen auf mein Kissen um. Zu sp\u00e4t merke ich, das ich mich automatisch auf den R\u00fccken gelegt hab. Sie stutzt kurz, bemerkt dann freudig \u201cMama Scho\u00df schlafen\u201d (Bauch, Kind, Bauhauuuuch!!!), haut mir ihr Kissen auf die Brust und rollt selber blitzschnell hinterher. Noch schnell Hasis eingesammelt und mir befohlen, sie zuzudecken und zufrieden seufzt das Kind. Zufrieden w\u00fcrde ich auch gerne seufzen, wenn sie mir nicht am Hals rumkneten w\u00fcrde. Seitdem ich den Unfall mit dem Gabelstapler und dem Draht hatte, bin ich da aber seeeeeeeehr empfindlich und so pfl\u00fcck ich fast eine halbe Stunde lang regelm\u00e4\u00dfig Lenas Hand von meinem Hals. <\/p>\n<p align=\"justify\">2:45 Uhr: Gerade wieder eingeschlafen, macht Lena mich mit ihrem Gezappel auch schon wieder wach. OK, ich muss sowieso noch mal, also nicht schlimm. Kind wieder in die Besucherritze verfrachtet und mal wieder mit Waschb\u00e4raugen auf Toilette. Immer noch rechne ich mit \u201cHallooooooooooo\u201d, aber das Kind hat tats\u00e4chlich gelernt. Als ich wieder ins Schlafzimmer komme, flitzt blitzschnell ein kleines Wesen in Richtung Bett und klettert hoch. <\/p>\n<p align=\"justify\">3:irgendwas Uhr: Wir schlafen allesamt *jubel*<\/p>\n<p align=\"justify\">6:30 Uhr: Der Wecker legt los, ich ignoriere ihn. Irgendwann h\u00f6r ich W\u00fcrgen und \u201cNicht schon wieder, Tina!. H\u00e4tte ja auch glatt gefehlt. <\/p>\n<p align=\"justify\">7:10 Uhr: Das Kind stinkt zum Himmel, ich stehe also auf und beseitige das \u201cZahnungsdurchfall-Ungl\u00fcck\u201d. Im Halbschlaf ziehe ich Lena an und dackel selber wieder ins Bett. Chris ist so gn\u00e4dig und nimmt Lena mit, als er Jana zur Schule bringt.<\/p>\n<p align=\"justify\">8:20 Uhr: Chris macht Lena den Fernseher an und verschwindet zur Arbeit, ich d\u00f6sel weiter.<\/p>\n<p align=\"justify\">8:59 Uhr: Ha! Ich mag ja d\u00f6seln, aber M\u00fctter h\u00f6ren und sehen ja bekanntlich alles. Lenas v\u00f6llig verdatterter Blick auf mein \u201cNein, zulassen\u201d als sie sich gaaaaaaaaaaanz leise an Papas Schubladen zu schaffen macht, ist g\u00f6ttlich. <\/p>\n<p align=\"justify\">9:15 Uhr: Da um 10 Uhr der Besuch von Sandra auf dem Plan steht, sollte ich wohl langsam aufstehen. <\/p>\n<p align=\"justify\">&#160;<\/p>\n<p align=\"justify\">Nat\u00fcrlich hat Lena heute Mittag auch nur knappe 30 Minuten geschlafen und nat\u00fcrlich war sie auch wieder zur normalen Zeit im Bett. Jana hat derweil heute kurzfristig eine Geburtstagseinladung angenommen. Das M\u00e4dchen aus ihrer Klasse durfte nur 3 M\u00e4dels einladen und 2 davon haben heute abgesagt. Also ist Jana eingesprungen und ich hatte eine ganze Stunde Zeit, ein Geschenk zu besorgen. Aber daf\u00fcr konnte ich heute Nachmittag hier auch in aller Ruhe und ganz alleine eben durch wirbeln \ud83d\ude00 .<\/p>\n<p>&#160;<\/p>\n<p align=\"center\"><a href=\"http:\/\/www.anthealein.de\/wp-content\/uploads\/2010\/11\/23112010.jpg\"><img loading=\"lazy\" decoding=\"async\" style=\"border-bottom: 0px; border-left: 0px; display: inline; border-top: 0px; border-right: 0px\" title=\"23112010\" border=\"0\" alt=\"23112010\" src=\"http:\/\/www.anthealein.de\/wp-content\/uploads\/2010\/11\/23112010_thumb.jpg\" width=\"504\" height=\"504\" \/><\/a><\/p>\n","protected":false},"excerpt":{"rendered":"<p>Zweite Sonntag-auf-Montag-Nacht, 2. Anlauf. Lena wieder ohne Mittagsschlaf, m\u00fcsste also dementsprechend m\u00fcde sein. M\u00dcSSTE! 22:16 Uhr: Babyphone meldet: Kind wach. Ich latsche hin, erkl\u00e4re lang und breit das wir noch nicht ins Bett gehen, ich sie aber gleich gerne r\u00fcber hole. Streicheleinheiten mit Korrekturen (\u201cNicht da, Bauch streicheln!!!) und dann darf ich kurz ins Wohnzimmer [&hellip;]<\/p>\n","protected":false},"author":1,"featured_media":0,"comment_status":"open","ping_status":"open","sticky":false,"template":"","format":"standard","meta":{"footnotes":""},"categories":[3],"tags":[],"class_list":["post-2969","post","type-post","status-publish","format-standard","hentry","category-alles-mogliche"],"_links":{"self":[{"href":"http:\/\/www.anthealein.de\/index.php?rest_route=\/wp\/v2\/posts\/2969","targetHints":{"allow":["GET"]}}],"collection":[{"href":"http:\/\/www.anthealein.de\/index.php?rest_route=\/wp\/v2\/posts"}],"about":[{"href":"http:\/\/www.anthealein.de\/index.php?rest_route=\/wp\/v2\/types\/post"}],"author":[{"embeddable":true,"href":"http:\/\/www.anthealein.de\/index.php?rest_route=\/wp\/v2\/users\/1"}],"replies":[{"embeddable":true,"href":"http:\/\/www.anthealein.de\/index.php?rest_route=%2Fwp%2Fv2%2Fcomments&post=2969"}],"version-history":[{"count":0,"href":"http:\/\/www.anthealein.de\/index.php?rest_route=\/wp\/v2\/posts\/2969\/revisions"}],"wp:attachment":[{"href":"http:\/\/www.anthealein.de\/index.php?rest_route=%2Fwp%2Fv2%2Fmedia&parent=2969"}],"wp:term":[{"taxonomy":"category","embeddable":true,"href":"http:\/\/www.anthealein.de\/index.php?rest_route=%2Fwp%2Fv2%2Fcategories&post=2969"},{"taxonomy":"post_tag","embeddable":true,"href":"http:\/\/www.anthealein.de\/index.php?rest_route=%2Fwp%2Fv2%2Ftags&post=2969"}],"curies":[{"name":"wp","href":"https:\/\/api.w.org\/{rel}","templated":true}]}}