{"id":2961,"date":"2010-11-20T22:41:20","date_gmt":"2010-11-20T20:41:20","guid":{"rendered":"http:\/\/www.anthealein.de\/?p=2961"},"modified":"2010-11-20T22:41:20","modified_gmt":"2010-11-20T20:41:20","slug":"muss-ja-auch-mal-sein","status":"publish","type":"post","link":"http:\/\/www.anthealein.de\/?p=2961","title":{"rendered":"Muss ja auch mal sein,"},"content":{"rendered":"<p>so ein wenig Fastfood. Chris und die Kinder hab ich heute morgen Einkaufen geschickt, w\u00e4hrend ich los fuhr zur Arbeit. Eigentlich sollten sie auch f\u00fcr heute was Kochbares besorgen, doch als ich dann nachmittags anrief hie\u00df es nur \u201cDuhuuuuuuu? Die Kinder wollen McDonalds heute.\u201d (Jaja, die Kinder *g*). Mir war es recht, ich mag ab und zu auch McDonalds ganz gerne. <\/p>\n<p>Auf der Arbeit war heute morgen ordentlich Betrieb (die Leute decken sich jetzt schon gro\u00dfz\u00fcgig ein, Anke und ich hatten ab 15 Uhr wieder die langweilige Ausleihe. Und ganz spontan hab ich in den Urlaubsplan geschaut. \u00dcbern\u00e4chste Woche hat noch keiner Urlaub und bis jetzt hat keiner was dagegen (ich konnte noch nicht alle fragen), wenn ich da ein paar von meinen noch vorhandenen 14 Tagen abbummel. <\/p>\n<p>Und morgen ist mir der liebste Tag der Woche, weil: wir fahren zu Oma + Opa. Muss ich Montag zwar auch ganz fr\u00fch aufstehen, damit ich hier durchwuseln kann bis Sandra um 10 Uhr kommt, aber das macht ja nichts \ud83d\ude00 . <\/p>\n<p>\u201cGar nicht\u201d ist immer noch eine Lieblingsphrase von Lena. Heute in neuer Kombination: \u201cM\u00f6chte ich gar nicht haben\u201d. <\/p>\n<p align=\"center\">&#160;<\/p>\n<p align=\"center\"><a href=\"http:\/\/www.anthealein.de\/wp-content\/uploads\/2010\/11\/21112010.jpg\"><img loading=\"lazy\" decoding=\"async\" style=\"border-bottom: 0px; border-left: 0px; display: inline; border-top: 0px; border-right: 0px\" title=\"21112010\" border=\"0\" alt=\"21112010\" src=\"http:\/\/www.anthealein.de\/wp-content\/uploads\/2010\/11\/21112010_thumb.jpg\" width=\"504\" height=\"504\" \/><\/a>    <br \/>Schrankkind (auch da ganz die Mama *g*)<\/p>\n<p align=\"center\">&#160;<\/p>\n<p align=\"center\"><img loading=\"lazy\" decoding=\"async\" style=\"border-bottom: 0px; border-left: 0px; display: inline; border-top: 0px; border-right: 0px\" title=\"20112010\" border=\"0\" alt=\"20112010\" src=\"http:\/\/www.anthealein.de\/wp-content\/uploads\/2010\/11\/20112010_thumb.jpg\" width=\"504\" height=\"504\" \/>    <br \/>Webcam + Voice mit ihrem Tagespapa<\/p>\n","protected":false},"excerpt":{"rendered":"<p>so ein wenig Fastfood. Chris und die Kinder hab ich heute morgen Einkaufen geschickt, w\u00e4hrend ich los fuhr zur Arbeit. Eigentlich sollten sie auch f\u00fcr heute was Kochbares besorgen, doch als ich dann nachmittags anrief hie\u00df es nur \u201cDuhuuuuuuu? Die Kinder wollen McDonalds heute.\u201d (Jaja, die Kinder *g*). Mir war es recht, ich mag ab [&hellip;]<\/p>\n","protected":false},"author":1,"featured_media":0,"comment_status":"open","ping_status":"open","sticky":false,"template":"","format":"standard","meta":{"footnotes":""},"categories":[3],"tags":[],"class_list":["post-2961","post","type-post","status-publish","format-standard","hentry","category-alles-mogliche"],"_links":{"self":[{"href":"http:\/\/www.anthealein.de\/index.php?rest_route=\/wp\/v2\/posts\/2961","targetHints":{"allow":["GET"]}}],"collection":[{"href":"http:\/\/www.anthealein.de\/index.php?rest_route=\/wp\/v2\/posts"}],"about":[{"href":"http:\/\/www.anthealein.de\/index.php?rest_route=\/wp\/v2\/types\/post"}],"author":[{"embeddable":true,"href":"http:\/\/www.anthealein.de\/index.php?rest_route=\/wp\/v2\/users\/1"}],"replies":[{"embeddable":true,"href":"http:\/\/www.anthealein.de\/index.php?rest_route=%2Fwp%2Fv2%2Fcomments&post=2961"}],"version-history":[{"count":0,"href":"http:\/\/www.anthealein.de\/index.php?rest_route=\/wp\/v2\/posts\/2961\/revisions"}],"wp:attachment":[{"href":"http:\/\/www.anthealein.de\/index.php?rest_route=%2Fwp%2Fv2%2Fmedia&parent=2961"}],"wp:term":[{"taxonomy":"category","embeddable":true,"href":"http:\/\/www.anthealein.de\/index.php?rest_route=%2Fwp%2Fv2%2Fcategories&post=2961"},{"taxonomy":"post_tag","embeddable":true,"href":"http:\/\/www.anthealein.de\/index.php?rest_route=%2Fwp%2Fv2%2Ftags&post=2961"}],"curies":[{"name":"wp","href":"https:\/\/api.w.org\/{rel}","templated":true}]}}