{"id":295,"date":"2007-06-27T10:48:26","date_gmt":"2007-06-27T08:48:26","guid":{"rendered":"http:\/\/www.anthealein.de\/?p=295"},"modified":"2007-06-27T10:50:16","modified_gmt":"2007-06-27T08:50:16","slug":"urlauuuuub","status":"publish","type":"post","link":"http:\/\/www.anthealein.de\/?p=295","title":{"rendered":"Urlauuuuub"},"content":{"rendered":"<p>Wie sollte es auch anders sein? Einen Tag vorm Urlaub wird man krank. Gestern abend wollte ich hier eigentlich noch das &#8222;Krank&#8220;-Schild raush\u00e4ngen, aber da war ich nicht mehr f\u00e4hig zu. Jetzt kann ich auch Anke verstehen,\u00a0die mal ein Fax auf die Arbeit geschickt hat um sich krankzumelden. Gestern morgen &#8211; zwischen Migr\u00e4ne, der damit verbundenen \u00dcbelkeit, Kreislaufzusammenbr\u00fcchen am laufenden Band und dem Versuch das Kind kigabereit zu bekommen &#8211; hab ich s\u00e4mtliche Nummern, die ich so im Kopf hab von meiner Arbeit ungelogen eine Stunde durchtelefoniert. Schlu\u00dfendlich bin ich irgendwann wegen einem Vertipper bei der Erziehungsgeldstelle gelandet und die Kollegin da war so lieb, mir die Nummer einer Kollegin rauszusuchen die ich nicht im Kopf hatte und von der ich wu\u00dfte, das sie garantiert da ist.<\/p>\n<p>Vormittags war ich zwar zwischendurch immer mal kurz am PC als das Paracetamol endlich wirkte, aber scrappen oder \u00e4hnliches ging gar nicht. Nachmittags war dann eine Kigamama so lieb und hat Jana \u00fcbernommen, ich hatte aber Opa auch schon vorgewarnt, das er sie evtl. nehmen m\u00fc\u00dfte. Na ja, so war ich mal wieder fr\u00fch im Bett, hat ja auch sein Gutes.<\/p>\n<p>Und heute morgen konnte ich dann wieder an mein PI. So wirklich gl\u00fccklich bin ich nicht, irgendwas st\u00f6rt mich da noch, ich kann nur den Finger nicht drauf legen. Falls also jemand helfen will: Kritik bitte \ud83d\ude09<\/p>\n<p style=\"text-align: center\"><img decoding=\"async\" src=\"http:\/\/www.anthealein.de\/wp-content\/uploads\/2007\/06\/wunder2.jpg\" alt=\"wunder2.jpg\" \/><br \/>\nCredits:<br \/>\nBG by Amy Kropp,<br \/>\nCurled and Torned Template by <a target=\"_blank\" href=\"http:\/\/www.scrapbookgraphics.com\/xcart\/product.php?productid=18317&amp;cat=0&amp;page=1\" title=\"Jen Caputo\">Jen Caputo\u00a0<\/a>,<br \/>\nStampframe by <a target=\"_blank\" href=\"http:\/\/www.digiscrap.ch\" title=\"Digiscrap\">digiscrap.ch<\/a>,<br \/>\nNotepaper by Verena Karolyi and\/or Doreen Stolz (<a target=\"_blank\" href=\"http:\/\/digital-scrapbook-art.com\">DSA-Freebie<\/a>),<br \/>\nRest by <a target=\"_blank\" href=\"http:\/\/weedsandwildflowersdesign.com\/\" title=\"Weeds and Wildflowers\">Weeds and Wildflowers<\/a><\/p>\n<p style=\"text-align: center\">Irene hat wieder ein wundersch\u00f6nes LO von Valeska gezaubert und mir die Bilder geschickt, die einfach traumhaft sind *herz*:<br \/>\n<img decoding=\"async\" src=\"http:\/\/www.anthealein.de\/wp-content\/uploads\/2007\/06\/an-der-mole.jpg\" alt=\"an-der-mole.jpg\" \/><br \/>\n<font size=\"2\" face=\"Arial\">\u00a0<\/font>Credits:<br \/>\nHG &#8211; JillDZines,<br \/>\nGlass dots &#8211; Carrie Stephens,<br \/>\nH\u00e4kelblumen (eingef\u00e4rbt) &#8211; Scrapkut,<br \/>\nButterfly &#8211; Jessy,<br \/>\nStaples &#8211; Mary,<br \/>\nM (eingef\u00e4rbt) &#8211; Fotosusu,<br \/>\nEnvelope by\u00a0Diane Leigh Davison,<br \/>\ntimbre by digiscrap<\/p>\n","protected":false},"excerpt":{"rendered":"<p>Wie sollte es auch anders sein? Einen Tag vorm Urlaub wird man krank. Gestern abend wollte ich hier eigentlich noch das &#8222;Krank&#8220;-Schild raush\u00e4ngen, aber da war ich nicht mehr f\u00e4hig zu. Jetzt kann ich auch Anke verstehen,\u00a0die mal ein Fax auf die Arbeit geschickt hat um sich krankzumelden. Gestern morgen &#8211; zwischen Migr\u00e4ne, der damit [&hellip;]<\/p>\n","protected":false},"author":1,"featured_media":0,"comment_status":"open","ping_status":"open","sticky":false,"template":"","format":"standard","meta":{"footnotes":""},"categories":[4],"tags":[],"class_list":["post-295","post","type-post","status-publish","format-standard","hentry","category-scraps-und-co"],"_links":{"self":[{"href":"http:\/\/www.anthealein.de\/index.php?rest_route=\/wp\/v2\/posts\/295","targetHints":{"allow":["GET"]}}],"collection":[{"href":"http:\/\/www.anthealein.de\/index.php?rest_route=\/wp\/v2\/posts"}],"about":[{"href":"http:\/\/www.anthealein.de\/index.php?rest_route=\/wp\/v2\/types\/post"}],"author":[{"embeddable":true,"href":"http:\/\/www.anthealein.de\/index.php?rest_route=\/wp\/v2\/users\/1"}],"replies":[{"embeddable":true,"href":"http:\/\/www.anthealein.de\/index.php?rest_route=%2Fwp%2Fv2%2Fcomments&post=295"}],"version-history":[{"count":0,"href":"http:\/\/www.anthealein.de\/index.php?rest_route=\/wp\/v2\/posts\/295\/revisions"}],"wp:attachment":[{"href":"http:\/\/www.anthealein.de\/index.php?rest_route=%2Fwp%2Fv2%2Fmedia&parent=295"}],"wp:term":[{"taxonomy":"category","embeddable":true,"href":"http:\/\/www.anthealein.de\/index.php?rest_route=%2Fwp%2Fv2%2Fcategories&post=295"},{"taxonomy":"post_tag","embeddable":true,"href":"http:\/\/www.anthealein.de\/index.php?rest_route=%2Fwp%2Fv2%2Ftags&post=295"}],"curies":[{"name":"wp","href":"https:\/\/api.w.org\/{rel}","templated":true}]}}