{"id":2941,"date":"2010-11-14T21:40:42","date_gmt":"2010-11-14T19:40:42","guid":{"rendered":"http:\/\/www.anthealein.de\/?p=2941"},"modified":"2010-11-14T21:40:42","modified_gmt":"2010-11-14T19:40:42","slug":"grummel-6","status":"publish","type":"post","link":"http:\/\/www.anthealein.de\/?p=2941","title":{"rendered":"*grummel*"},"content":{"rendered":"<p align=\"justify\">Ich k\u00f6nnte den Auszubildenden unserer Handwerker gerade r\u00fccklings erschlagen. Ich hab es Donnerstag schon geahnt *motz*. <\/p>\n<p align=\"justify\">Bei uns auf der Arbeit funktionieren die Heizungen nur in 2 Stufen: kalt und megahei\u00df. Dementsprechend ist es ein wenig schwer, sich entsprechend vorausschauend anzuziehen, sofern man nicht den Zwiebellook perfektionieren will. Donnerstag \u2013 wie man sich erinnert ein wenig in Hektik \u2013 hatte ich nur einen normalen Pullover an. Normal zieh ich meist schon Sweatshirt + Pullover an, damit ich mich entbl\u00e4ttern kann, aber Donnerstag war ich ein wenig Out-of-Order. Ich sa\u00df nun also da mit meinem Pullover in der Ausleihe (und ja, ich hatte ja l\u00e4nger Ausleihe) und alle paar Minuten trabte der Auszubildende an und dr\u00fcckte den Behindertenknopf f\u00fcr die T\u00fcren. Beide T\u00fcren sperrangelweit auf f\u00fcr ein paar Minuten, zieht ja auch gar nicht *grummel*. Behindertenknopf dr\u00fccken &#8211; er raus \u2013 irgendwas im Auto geschaut\/mit Kollegen gesprochen\/eine geraucht \u2013 Behindertenknopf dr\u00fccken (T\u00fcr gerade wieder zu) \u2013 wieder rein. <\/p>\n<p align=\"justify\">3x d\u00fcrft ihr raten, was ich heute mal wieder bin. Richtig: Rudolph *seufz*.<\/p>\n<p align=\"justify\">Und weil das ja nicht reicht, hat Jana mir vorhin auch noch einen richtig sch\u00f6nen gro\u00dfen blauen Fleck verpasst. Sie \u2013 nach dem Sportfest ordentlich durchgeschwitzt \u2013 brauchte dringend eine Dusche und fand es lustig, die Mimose die nicht geduscht werden will zu spielen. Also Kinder ins Bad, T\u00fcr zugeschlossen (\u201cNeiheiiiiiiiiiiiin *kicher*, ich will nicht duschen\u201d), Kind ausgezogen, Kind vom Waschbecken gepfl\u00fcckt, Kind vom Unterschrank gepfl\u00fcckt (inzwischen selber schon lachend ohne Ende). Kind in die Badewanne stellen wollen, aaaaaaaaaaber: da hatte das Kind den hohen Schrank noch erwischt und riss den mal eben um. Parfumflaschen sind zum Gl\u00fcck nicht zu Bruch gegangen, aber nat\u00fcrlich war Jana pl\u00f6tzlich am heulen \u201cdas wollte ich nicht\u201d, Lena aus Solidarit\u00e4t gleich mit, mich hatte der Schrank tierisch am Arm erwischt (2 T\u00fcren hat er jetzt nicht mehr der Schrank) und Chris vor der zugeschlossenen T\u00fcr :shock_tb: . Ich musste ja erst mal den Schl\u00fcssel in dem Chaos suchen. Zum Gl\u00fcck stand Lena nicht vor dem Schrank.<\/p>\n<p align=\"justify\">&#160;<\/p>\n<p align=\"center\"><img loading=\"lazy\" decoding=\"async\" style=\"border-bottom: 0px; border-left: 0px; display: inline; border-top: 0px; border-right: 0px\" title=\"14112010\" border=\"0\" alt=\"14112010\" src=\"http:\/\/www.anthealein.de\/wp-content\/uploads\/2010\/11\/14112010_thumb.jpg\" width=\"504\" height=\"504\" \/><\/p>\n","protected":false},"excerpt":{"rendered":"<p>Ich k\u00f6nnte den Auszubildenden unserer Handwerker gerade r\u00fccklings erschlagen. Ich hab es Donnerstag schon geahnt *motz*. Bei uns auf der Arbeit funktionieren die Heizungen nur in 2 Stufen: kalt und megahei\u00df. Dementsprechend ist es ein wenig schwer, sich entsprechend vorausschauend anzuziehen, sofern man nicht den Zwiebellook perfektionieren will. Donnerstag \u2013 wie man sich erinnert ein [&hellip;]<\/p>\n","protected":false},"author":1,"featured_media":0,"comment_status":"open","ping_status":"open","sticky":false,"template":"","format":"standard","meta":{"footnotes":""},"categories":[3],"tags":[],"class_list":["post-2941","post","type-post","status-publish","format-standard","hentry","category-alles-mogliche"],"_links":{"self":[{"href":"http:\/\/www.anthealein.de\/index.php?rest_route=\/wp\/v2\/posts\/2941","targetHints":{"allow":["GET"]}}],"collection":[{"href":"http:\/\/www.anthealein.de\/index.php?rest_route=\/wp\/v2\/posts"}],"about":[{"href":"http:\/\/www.anthealein.de\/index.php?rest_route=\/wp\/v2\/types\/post"}],"author":[{"embeddable":true,"href":"http:\/\/www.anthealein.de\/index.php?rest_route=\/wp\/v2\/users\/1"}],"replies":[{"embeddable":true,"href":"http:\/\/www.anthealein.de\/index.php?rest_route=%2Fwp%2Fv2%2Fcomments&post=2941"}],"version-history":[{"count":0,"href":"http:\/\/www.anthealein.de\/index.php?rest_route=\/wp\/v2\/posts\/2941\/revisions"}],"wp:attachment":[{"href":"http:\/\/www.anthealein.de\/index.php?rest_route=%2Fwp%2Fv2%2Fmedia&parent=2941"}],"wp:term":[{"taxonomy":"category","embeddable":true,"href":"http:\/\/www.anthealein.de\/index.php?rest_route=%2Fwp%2Fv2%2Fcategories&post=2941"},{"taxonomy":"post_tag","embeddable":true,"href":"http:\/\/www.anthealein.de\/index.php?rest_route=%2Fwp%2Fv2%2Ftags&post=2941"}],"curies":[{"name":"wp","href":"https:\/\/api.w.org\/{rel}","templated":true}]}}