{"id":2929,"date":"2010-11-11T22:49:08","date_gmt":"2010-11-11T20:49:08","guid":{"rendered":"http:\/\/www.anthealein.de\/?p=2929"},"modified":"2010-11-11T22:49:08","modified_gmt":"2010-11-11T20:49:08","slug":"chaos-pur","status":"publish","type":"post","link":"http:\/\/www.anthealein.de\/?p=2929","title":{"rendered":"Chaos pur"},"content":{"rendered":"<p align=\"justify\">Das gab es heute. Ich heute morgen mit Lena neben mir noch total im Schlaf versunken hab flei\u00dfig das Telefon ignoriert. Zum Gl\u00fcck war Chris ja auch noch kurz zu Hause nachdem er Jana zur Schule gebracht hat hat und so ging er dann ans Telefon, nur um mir kurz darauf mitzuteilen, das Schwiema noch arg gebeutelt vom MDV ist \ud83d\ude41 . Da war es noch 8.26 Uhr. <\/p>\n<p align=\"justify\">Um 9.10 Uhr stand ich schon auf der Arbeit in Ankes B\u00fcro um sie zu fragen, ob sie meinen Sp\u00e4tdienst machen kann. Wohlgemerkt: nachdem ich Lena zu Susanne gebracht hatte (neuer Geschwindigkeitsrekord ohne Fr\u00fchst\u00fcck, daf\u00fcr mit gewaschenen Haaren und 2 Zigarettchen). Nach etlichen Gespr\u00e4chen mit Susanne (\u201cKann ich bis 14.30 Uhr arbeiten? Kannst du Jana von der Schule mitnehmen?\u201d, \u201cSchule geht klar, kannst du auch bis 15 Uhr auf die Kinder aufpassen?\u201d), mit Walli (\u201cBrauchst Siggi nicht auf die Kinder ansetzen, ich mach keine Sp\u00e4tschicht. Wie geht es dir?\u201d) und der Schule (\u201cIch hab einen Betreuungsnotfall und meine Tochter m\u00fcsste heute und evtl. morgen von ihrer Tagesmutter schon vor der Betreuungszeit abgeholt werden\u201d), lief alles glatt. Ich hab dann von 11-12 Uhr die Ausleihe gemacht und dann noch mal von 13-14.45 Uhr. Fr\u00fchst\u00fcck gab es um 12.30 Uhr f\u00fcr mich :shock_tb: . <\/p>\n<p align=\"justify\">Irgendwie aber schon cool. Als wir um kurz nach 15 Uhr zu Hause waren, hab ich das bi\u00dfl Haushalt geschmissen, mit Lena gespielt, Jana beim basteln geholfen und schon stand Chris in der T\u00fcr. <\/p>\n<p align=\"justify\">Morgen \u00fcbernimmt Susanne dann wieder beide Kinder und schleppt auch beide zum Laterne laufen in den Kiga. Wenn Chris und ich dann nach Hause kommen, k\u00f6nnen wir gleich unten im Kiga auflaufen und mitmachen. <\/p>\n<p align=\"justify\">&#160;<\/p>\n<p align=\"center\"><a href=\"http:\/\/www.anthealein.de\/wp-content\/uploads\/2010\/11\/11112010.jpg\"><img loading=\"lazy\" decoding=\"async\" style=\"border-bottom: 0px; border-left: 0px; display: inline; border-top: 0px; border-right: 0px\" title=\"11112010\" border=\"0\" alt=\"11112010\" src=\"http:\/\/www.anthealein.de\/wp-content\/uploads\/2010\/11\/11112010_thumb.jpg\" width=\"404\" height=\"504\" \/><\/a><\/p>\n<p align=\"center\">&#160;<\/p>\n<p align=\"center\"><a href=\"http:\/\/www.anthealein.de\/wp-content\/uploads\/2010\/11\/11112010II.jpg\"><img loading=\"lazy\" decoding=\"async\" style=\"border-bottom: 0px; border-left: 0px; display: inline; border-top: 0px; border-right: 0px\" title=\"11112010II\" border=\"0\" alt=\"11112010II\" src=\"http:\/\/www.anthealein.de\/wp-content\/uploads\/2010\/11\/11112010II_thumb.jpg\" width=\"404\" height=\"504\" \/><\/a><\/p>\n","protected":false},"excerpt":{"rendered":"<p>Das gab es heute. Ich heute morgen mit Lena neben mir noch total im Schlaf versunken hab flei\u00dfig das Telefon ignoriert. Zum Gl\u00fcck war Chris ja auch noch kurz zu Hause nachdem er Jana zur Schule gebracht hat hat und so ging er dann ans Telefon, nur um mir kurz darauf mitzuteilen, das Schwiema noch [&hellip;]<\/p>\n","protected":false},"author":1,"featured_media":0,"comment_status":"open","ping_status":"open","sticky":false,"template":"","format":"standard","meta":{"footnotes":""},"categories":[3],"tags":[],"class_list":["post-2929","post","type-post","status-publish","format-standard","hentry","category-alles-mogliche"],"_links":{"self":[{"href":"http:\/\/www.anthealein.de\/index.php?rest_route=\/wp\/v2\/posts\/2929","targetHints":{"allow":["GET"]}}],"collection":[{"href":"http:\/\/www.anthealein.de\/index.php?rest_route=\/wp\/v2\/posts"}],"about":[{"href":"http:\/\/www.anthealein.de\/index.php?rest_route=\/wp\/v2\/types\/post"}],"author":[{"embeddable":true,"href":"http:\/\/www.anthealein.de\/index.php?rest_route=\/wp\/v2\/users\/1"}],"replies":[{"embeddable":true,"href":"http:\/\/www.anthealein.de\/index.php?rest_route=%2Fwp%2Fv2%2Fcomments&post=2929"}],"version-history":[{"count":0,"href":"http:\/\/www.anthealein.de\/index.php?rest_route=\/wp\/v2\/posts\/2929\/revisions"}],"wp:attachment":[{"href":"http:\/\/www.anthealein.de\/index.php?rest_route=%2Fwp%2Fv2%2Fmedia&parent=2929"}],"wp:term":[{"taxonomy":"category","embeddable":true,"href":"http:\/\/www.anthealein.de\/index.php?rest_route=%2Fwp%2Fv2%2Fcategories&post=2929"},{"taxonomy":"post_tag","embeddable":true,"href":"http:\/\/www.anthealein.de\/index.php?rest_route=%2Fwp%2Fv2%2Ftags&post=2929"}],"curies":[{"name":"wp","href":"https:\/\/api.w.org\/{rel}","templated":true}]}}