{"id":2841,"date":"2010-10-21T20:48:42","date_gmt":"2010-10-21T18:48:42","guid":{"rendered":"http:\/\/www.anthealein.de\/?p=2841"},"modified":"2010-10-21T20:48:42","modified_gmt":"2010-10-21T18:48:42","slug":"ich-htte-es-ahnen-mssen-seufz","status":"publish","type":"post","link":"http:\/\/www.anthealein.de\/?p=2841","title":{"rendered":"Ich h&auml;tte es ahnen m&uuml;ssen *seufz*&hellip;"},"content":{"rendered":"<p align=\"justify\">Als Jana heute morgen dann auch noch \u00fcber \u201cMuskelkater\u201d im Arm klagte und nach ganzen 5 Stunden Lena-Schlaf heute Nacht h\u00e4tte ich es eigentlich ahnen k\u00f6nnen: das ist nicht nur eine Bronchitis. N\u00f6\u00f6\u00f6\u00f6\u00f6\u00f6\u00f6\u00f6\u00f6\u00f6\u00f6\u00f6, das ist noch dazu Scharlach. Also 2 kranke Kinder mit Bronchitis und Scharlach zum Arzt geschleppt (so oft sieht der\/die uns normal im ganzen Jahr nicht), Medikamente abgeholt und \u00fcberall Bescheid gesagt. Jana war ja vorgestern im Kiga, Lena war am Montag mit Jana unten und bei der Tagesmutter waren sie auch beide die letzten Tage. <\/p>\n<p align=\"justify\">Ich seh es schon kommen: n\u00e4chste Woche wenn die Kinder wieder fit sind, darf ich mir mein Antibiotika abholen *motz*. Nur gut, das Chris Urlaub hat und Lena heute und morgen \u00fcbernimmt. Walli (ebenfalls krank) hat Jana dann heute schon mitgenommen und g\u00f6nnt ihr ein verl\u00e4ngertes Oma-Opa-Wochenende. <\/p>\n<p align=\"center\">&#160;<\/p>\n<p align=\"center\"><a href=\"http:\/\/www.anthealein.de\/wp-content\/uploads\/2010\/10\/21102010.jpg\"><img loading=\"lazy\" decoding=\"async\" style=\"border-bottom: 0px; border-left: 0px; display: inline; border-top: 0px; border-right: 0px\" title=\"21102010\" border=\"0\" alt=\"21102010\" src=\"http:\/\/www.anthealein.de\/wp-content\/uploads\/2010\/10\/21102010_thumb.jpg\" width=\"504\" height=\"504\" \/><\/a><\/p>\n<p align=\"center\">&#160;<\/p>\n<p align=\"center\"><a href=\"http:\/\/www.anthealein.de\/wp-content\/uploads\/2010\/10\/21102010II.jpg\"><img loading=\"lazy\" decoding=\"async\" style=\"border-bottom: 0px; border-left: 0px; display: inline; border-top: 0px; border-right: 0px\" title=\"21102010II\" border=\"0\" alt=\"21102010II\" src=\"http:\/\/www.anthealein.de\/wp-content\/uploads\/2010\/10\/21102010II_thumb.jpg\" width=\"504\" height=\"504\" \/><\/a>    <br \/>Jahaaaaaaaaa Schwesterchen, Karin live \ud83d\ude42<\/p>\n","protected":false},"excerpt":{"rendered":"<p>Als Jana heute morgen dann auch noch \u00fcber \u201cMuskelkater\u201d im Arm klagte und nach ganzen 5 Stunden Lena-Schlaf heute Nacht h\u00e4tte ich es eigentlich ahnen k\u00f6nnen: das ist nicht nur eine Bronchitis. N\u00f6\u00f6\u00f6\u00f6\u00f6\u00f6\u00f6\u00f6\u00f6\u00f6\u00f6\u00f6, das ist noch dazu Scharlach. Also 2 kranke Kinder mit Bronchitis und Scharlach zum Arzt geschleppt (so oft sieht der\/die uns normal [&hellip;]<\/p>\n","protected":false},"author":1,"featured_media":0,"comment_status":"open","ping_status":"open","sticky":false,"template":"","format":"standard","meta":{"footnotes":""},"categories":[3],"tags":[],"class_list":["post-2841","post","type-post","status-publish","format-standard","hentry","category-alles-mogliche"],"_links":{"self":[{"href":"http:\/\/www.anthealein.de\/index.php?rest_route=\/wp\/v2\/posts\/2841","targetHints":{"allow":["GET"]}}],"collection":[{"href":"http:\/\/www.anthealein.de\/index.php?rest_route=\/wp\/v2\/posts"}],"about":[{"href":"http:\/\/www.anthealein.de\/index.php?rest_route=\/wp\/v2\/types\/post"}],"author":[{"embeddable":true,"href":"http:\/\/www.anthealein.de\/index.php?rest_route=\/wp\/v2\/users\/1"}],"replies":[{"embeddable":true,"href":"http:\/\/www.anthealein.de\/index.php?rest_route=%2Fwp%2Fv2%2Fcomments&post=2841"}],"version-history":[{"count":0,"href":"http:\/\/www.anthealein.de\/index.php?rest_route=\/wp\/v2\/posts\/2841\/revisions"}],"wp:attachment":[{"href":"http:\/\/www.anthealein.de\/index.php?rest_route=%2Fwp%2Fv2%2Fmedia&parent=2841"}],"wp:term":[{"taxonomy":"category","embeddable":true,"href":"http:\/\/www.anthealein.de\/index.php?rest_route=%2Fwp%2Fv2%2Fcategories&post=2841"},{"taxonomy":"post_tag","embeddable":true,"href":"http:\/\/www.anthealein.de\/index.php?rest_route=%2Fwp%2Fv2%2Ftags&post=2841"}],"curies":[{"name":"wp","href":"https:\/\/api.w.org\/{rel}","templated":true}]}}