{"id":2828,"date":"2010-10-18T21:22:25","date_gmt":"2010-10-18T19:22:25","guid":{"rendered":"http:\/\/www.anthealein.de\/?p=2828"},"modified":"2010-10-18T21:22:25","modified_gmt":"2010-10-18T19:22:25","slug":"hmpf-5","status":"publish","type":"post","link":"http:\/\/www.anthealein.de\/?p=2828","title":{"rendered":"Hmpf"},"content":{"rendered":"<p align=\"justify\">&#160;<\/p>\n<p align=\"justify\">Bin ein wenig zwiegespalten. Gewicht 10835 Gramm, Gr\u00f6\u00dfe 82 cm (wenigstens etwas). Kommentar zu meiner Frage mit dem langsamen Wachsen und dem ab und zu einfach hinplumpsen: &quot;Na ja, wenn sie sprachlich und feinmotorisch so weit ist, m\u00fcssen andere Bereiche halt hintenan stehen in der Entwicklung&quot;. Theoretisch hat er ja auch recht. Kommentar zum Sabbern: &quot;Schnuller sofort abgew\u00f6hnen und wenn das in 3 Monaten noch ist, wieder kommen&quot;. Auf meine Anmerkung, das sie beim Zahnen weniger sabbert und praktisch permanent den Mund offen stehen hat (auch ohne Schnuller): keine Reaktion. <\/p>\n<p align=\"justify\">Bei Jana (die wegen den L\u00e4usen und ihrem Husten mit war): L\u00e4usefrei, Husten ganz arg auf der rechten Lunge. Spasmo verschrieben bekommen und falls in 3 Tagen nicht besser: wieder kommen. Und dann hat sie es gewagt, den Daumen in den Mund zu stecken :shock_tb: . Langer Vortrag f\u00fcrs Kind, das diesen Arzt liebt und sich deshalb nicht traute ihm zu stecken, das sie den Daumen nicht aufgeben mag. Als er irgendwann ganz erstaunt bemerkte, wieso sie denn weinen w\u00fcrde (aber lieb dabei), hab ich ihm dann gesteckt das sie wohl doch mehr an ihrem Daumen h\u00e4ngt, als sie zugeben mag *lach* . Daraufhin durfte ich mir einen langen Vortrag anh\u00f6ren dar\u00fcber, das er deshalb auch nicht den Eltern Tipps f\u00fcrs Abgew\u00f6hnen geben w\u00fcrde, das w\u00fcrde eh nix n\u00fctzen wenn das Kind es nicht will. <\/p>\n<p align=\"justify\">Und weil es so sch\u00f6n ist, hatte ich beim Einkauf auf dem Heimweg eine dauerbr\u00fcllende Lena die sich aus dem Einkaufswagen st\u00fcrzen wollte, dann ganze 5 Minuten Mittagsschlaf gehalten hat und ein paar Mal heute Nachmittag hingefallen ist und dann heulend bei mir an kam, ihr Bein w\u00fcrde weh tun (wobei ich keinen Schimmer hab, ob sie durch die Erk\u00e4ltung oder Wachstum etvl. wirklich Aua hat, oder ob sie nur wieder zum Arzt will. Zuzutrauen w\u00e4re es ihr).<\/p>\n<p align=\"justify\">In 2 Wochen m\u00fcssen wir wegen Janas Lunge eh noch mal hin, mal sehen ob ich Lena bis dahin Schnullerfrei hab. Da sie momentan fast genau so erk\u00e4ltet ist wie Jana, werd ich das aber morgen GARANTIERT noch nicht angehen. <\/p>\n<p align=\"justify\">&#160;<\/p>\n<p align=\"justify\">Und zum Thema \u201cUmhauen\u201d: Jana heute morgen mit Lena am spielen, hatte eine Taschenlampe am wickel. Batterien leer und was macht T\u00f6chterchen? Schickt ihre kleine Schwester los, Batterien holen. Ruft ihr noch min. 5x hinterher, das sie 4 Batterien brauchen. Nach ein wenig kramen in der Schublade kommt Lena wieder mit \u2013 ihr ahnt es schon \u2013 genau 4 Batterien. Leider aus der Schublade mit den leeren Batterien *g* und die eine ein wenig kleiner als die normalen Mignons, aber immerhin mit genau 4 Batterien :shock_tb: . Jana hat den Rest des Tages viel Zeit damit verbracht, Lena alles m\u00f6gliche besorgen zu lassen. Nat\u00fcrlich immer 4. <\/p>\n<p align=\"justify\">&#160;<\/p>\n<p align=\"center\"><a href=\"http:\/\/www.anthealein.de\/wp-content\/uploads\/2010\/10\/18102010.jpg\"><img loading=\"lazy\" decoding=\"async\" style=\"border-bottom: 0px; border-left: 0px; display: inline; border-top: 0px; border-right: 0px\" title=\"18102010\" border=\"0\" alt=\"18102010\" src=\"http:\/\/www.anthealein.de\/wp-content\/uploads\/2010\/10\/18102010_thumb.jpg\" width=\"504\" height=\"504\" \/><\/a><\/p>\n<p align=\"center\">&#160;<\/p>\n<p align=\"center\"><a href=\"http:\/\/www.anthealein.de\/wp-content\/uploads\/2010\/10\/18102010II.jpg\"><img loading=\"lazy\" decoding=\"async\" style=\"border-bottom: 0px; border-left: 0px; display: inline; border-top: 0px; border-right: 0px\" title=\"18102010II\" border=\"0\" alt=\"18102010II\" src=\"http:\/\/www.anthealein.de\/wp-content\/uploads\/2010\/10\/18102010II_thumb.jpg\" width=\"504\" height=\"504\" \/><\/a><\/p>\n<p align=\"center\">&#160;<\/p>\n<p align=\"center\"><a href=\"http:\/\/www.anthealein.de\/wp-content\/uploads\/2010\/10\/18102010III.jpg\"><img loading=\"lazy\" decoding=\"async\" style=\"border-bottom: 0px; border-left: 0px; display: inline; border-top: 0px; border-right: 0px\" title=\"18102010III\" border=\"0\" alt=\"18102010III\" src=\"http:\/\/www.anthealein.de\/wp-content\/uploads\/2010\/10\/18102010III_thumb.jpg\" width=\"504\" height=\"504\" \/><\/a><\/p>\n","protected":false},"excerpt":{"rendered":"<p>&#160; Bin ein wenig zwiegespalten. Gewicht 10835 Gramm, Gr\u00f6\u00dfe 82 cm (wenigstens etwas). Kommentar zu meiner Frage mit dem langsamen Wachsen und dem ab und zu einfach hinplumpsen: &quot;Na ja, wenn sie sprachlich und feinmotorisch so weit ist, m\u00fcssen andere Bereiche halt hintenan stehen in der Entwicklung&quot;. Theoretisch hat er ja auch recht. Kommentar zum [&hellip;]<\/p>\n","protected":false},"author":1,"featured_media":0,"comment_status":"open","ping_status":"open","sticky":false,"template":"","format":"standard","meta":{"footnotes":""},"categories":[3],"tags":[],"class_list":["post-2828","post","type-post","status-publish","format-standard","hentry","category-alles-mogliche"],"_links":{"self":[{"href":"http:\/\/www.anthealein.de\/index.php?rest_route=\/wp\/v2\/posts\/2828","targetHints":{"allow":["GET"]}}],"collection":[{"href":"http:\/\/www.anthealein.de\/index.php?rest_route=\/wp\/v2\/posts"}],"about":[{"href":"http:\/\/www.anthealein.de\/index.php?rest_route=\/wp\/v2\/types\/post"}],"author":[{"embeddable":true,"href":"http:\/\/www.anthealein.de\/index.php?rest_route=\/wp\/v2\/users\/1"}],"replies":[{"embeddable":true,"href":"http:\/\/www.anthealein.de\/index.php?rest_route=%2Fwp%2Fv2%2Fcomments&post=2828"}],"version-history":[{"count":0,"href":"http:\/\/www.anthealein.de\/index.php?rest_route=\/wp\/v2\/posts\/2828\/revisions"}],"wp:attachment":[{"href":"http:\/\/www.anthealein.de\/index.php?rest_route=%2Fwp%2Fv2%2Fmedia&parent=2828"}],"wp:term":[{"taxonomy":"category","embeddable":true,"href":"http:\/\/www.anthealein.de\/index.php?rest_route=%2Fwp%2Fv2%2Fcategories&post=2828"},{"taxonomy":"post_tag","embeddable":true,"href":"http:\/\/www.anthealein.de\/index.php?rest_route=%2Fwp%2Fv2%2Ftags&post=2828"}],"curies":[{"name":"wp","href":"https:\/\/api.w.org\/{rel}","templated":true}]}}