{"id":2718,"date":"2010-10-06T21:21:25","date_gmt":"2010-10-06T19:21:25","guid":{"rendered":"http:\/\/www.anthealein.de\/?p=2718"},"modified":"2010-10-06T21:29:46","modified_gmt":"2010-10-06T19:29:46","slug":"gro-werden","status":"publish","type":"post","link":"http:\/\/www.anthealein.de\/?p=2718","title":{"rendered":"&ldquo;Gro&szlig; werden&rdquo; &hellip;"},"content":{"rendered":"<p align=\"justify\">\u2026 antwortet Lena standardm\u00e4\u00dfig auf die Frage, wie alt sie denn morgen wird. Alternativ nimmt sie auch gerne ihre Lieblingszahl, die 3. Nur die 2, die mag sie uns einfach nicht sagen. Also: ab morgen hab ich ein \u201cgro\u00df werden\u201d-Kind \ud83d\ude00 . <\/p>\n<p>&#160;<\/p>\n<p>N\u00e4chste Woche:    <br \/><strike>&#8211; Montag: Nu aber Spritzen holen, Einkaufen, Jana holen, Lena in Schnuppergarten, Putzen zwischendrin?<\/strike>     <br \/><strike>&#8211; Dienstag: Arbeiten, Jana und Lena einsammeln, das N\u00f6tigste zu Hause machen, in die Stadt und zum Tierarzt<\/strike>     <br \/><strike>&#8211; Mittwoch: Arbeiten, Jana einsammeln und gegen Lena eintauschen bei Susanne, Einkaufen, Putzen, Kuchen backen, Bine<\/strike>     <br \/>&#8211; Donnerstag: Fr\u00fchst\u00fcck f\u00fcr Lena, Geburtstag feiern <img decoding=\"async\" alt=\":)\" src=\"http:\/\/www.anthealein.de\/wp-includes\/images\/smilies\/smile1.gif\" \/><\/p>\n<p>&#160;<\/p>\n<p align=\"center\"><a href=\"http:\/\/www.anthealein.de\/wp-content\/uploads\/2010\/10\/06102010IV.jpg\"><img loading=\"lazy\" decoding=\"async\" style=\"border-right-width: 0px; display: inline; border-top-width: 0px; border-bottom-width: 0px; border-left-width: 0px\" title=\"06102010IV\" border=\"0\" alt=\"06102010IV\" src=\"http:\/\/www.anthealein.de\/wp-content\/uploads\/2010\/10\/06102010IV_thumb.jpg\" width=\"504\" height=\"504\" \/><\/a>&#160; <br \/>Sowas von Mama :herz:<\/p>\n<p align=\"center\">&#160;<\/p>\n<p align=\"center\"><a href=\"http:\/\/www.anthealein.de\/wp-content\/uploads\/2010\/10\/061020101.jpg\"><img loading=\"lazy\" decoding=\"async\" style=\"border-bottom: 0px; border-left: 0px; display: inline; border-top: 0px; border-right: 0px\" title=\"06102010\" border=\"0\" alt=\"06102010\" src=\"http:\/\/www.anthealein.de\/wp-content\/uploads\/2010\/10\/06102010_thumb1.jpg\" width=\"504\" height=\"504\" \/><\/a><\/p>\n<p align=\"center\">&#160;<\/p>\n<p align=\"center\"><a href=\"http:\/\/www.anthealein.de\/wp-content\/uploads\/2010\/10\/06102010II.jpg\"><img loading=\"lazy\" decoding=\"async\" style=\"border-right-width: 0px; display: inline; border-top-width: 0px; border-bottom-width: 0px; border-left-width: 0px\" title=\"06102010II\" border=\"0\" alt=\"06102010II\" src=\"http:\/\/www.anthealein.de\/wp-content\/uploads\/2010\/10\/06102010II_thumb.jpg\" width=\"504\" height=\"504\" \/><\/a>    <br \/>\u201cEs\u201d lebt, es lebt und kam tats\u00e4chlich mal wieder vorbei *knuddel*<\/p>\n<p align=\"center\">&#160;<\/p>\n<p align=\"center\"><a href=\"http:\/\/www.anthealein.de\/wp-content\/uploads\/2010\/10\/06102010III.jpg\"><img loading=\"lazy\" decoding=\"async\" style=\"border-right-width: 0px; display: inline; border-top-width: 0px; border-bottom-width: 0px; border-left-width: 0px\" title=\"06102010III\" border=\"0\" alt=\"06102010III\" src=\"http:\/\/www.anthealein.de\/wp-content\/uploads\/2010\/10\/06102010III_thumb.jpg\" width=\"504\" height=\"504\" \/><\/a><\/p>\n","protected":false},"excerpt":{"rendered":"<p>\u2026 antwortet Lena standardm\u00e4\u00dfig auf die Frage, wie alt sie denn morgen wird. Alternativ nimmt sie auch gerne ihre Lieblingszahl, die 3. Nur die 2, die mag sie uns einfach nicht sagen. Also: ab morgen hab ich ein \u201cgro\u00df werden\u201d-Kind \ud83d\ude00 . &#160; N\u00e4chste Woche: &#8211; Montag: Nu aber Spritzen holen, Einkaufen, Jana holen, Lena [&hellip;]<\/p>\n","protected":false},"author":1,"featured_media":0,"comment_status":"open","ping_status":"open","sticky":false,"template":"","format":"standard","meta":{"footnotes":""},"categories":[3],"tags":[],"class_list":["post-2718","post","type-post","status-publish","format-standard","hentry","category-alles-mogliche"],"_links":{"self":[{"href":"http:\/\/www.anthealein.de\/index.php?rest_route=\/wp\/v2\/posts\/2718","targetHints":{"allow":["GET"]}}],"collection":[{"href":"http:\/\/www.anthealein.de\/index.php?rest_route=\/wp\/v2\/posts"}],"about":[{"href":"http:\/\/www.anthealein.de\/index.php?rest_route=\/wp\/v2\/types\/post"}],"author":[{"embeddable":true,"href":"http:\/\/www.anthealein.de\/index.php?rest_route=\/wp\/v2\/users\/1"}],"replies":[{"embeddable":true,"href":"http:\/\/www.anthealein.de\/index.php?rest_route=%2Fwp%2Fv2%2Fcomments&post=2718"}],"version-history":[{"count":4,"href":"http:\/\/www.anthealein.de\/index.php?rest_route=\/wp\/v2\/posts\/2718\/revisions"}],"predecessor-version":[{"id":2724,"href":"http:\/\/www.anthealein.de\/index.php?rest_route=\/wp\/v2\/posts\/2718\/revisions\/2724"}],"wp:attachment":[{"href":"http:\/\/www.anthealein.de\/index.php?rest_route=%2Fwp%2Fv2%2Fmedia&parent=2718"}],"wp:term":[{"taxonomy":"category","embeddable":true,"href":"http:\/\/www.anthealein.de\/index.php?rest_route=%2Fwp%2Fv2%2Fcategories&post=2718"},{"taxonomy":"post_tag","embeddable":true,"href":"http:\/\/www.anthealein.de\/index.php?rest_route=%2Fwp%2Fv2%2Ftags&post=2718"}],"curies":[{"name":"wp","href":"https:\/\/api.w.org\/{rel}","templated":true}]}}