{"id":2702,"date":"2010-10-04T20:48:20","date_gmt":"2010-10-04T18:48:20","guid":{"rendered":"http:\/\/www.anthealein.de\/?p=2702"},"modified":"2010-10-04T20:48:20","modified_gmt":"2010-10-04T18:48:20","slug":"wieso","status":"publish","type":"post","link":"http:\/\/www.anthealein.de\/?p=2702","title":{"rendered":"Wieso&hellip;"},"content":{"rendered":"<p align=\"justify\">ist eigentlich nie eine Kamera parat, wenn man eine brauchen k\u00f6nnte? Und wieso gibt es Tage, die komplett anders laufen als eigentlich geplant?<\/p>\n<p align=\"justify\">Aber mal wieder von Anfang an. Der Tag fing schon gut an mit Lena, die ein neues Schimpfwort von Papa aufschnappte: \u201cF\u2026\u201d . Na prima, jetzt kann das Kind nicht nur auf Englisch Ja und Nein sagen, sondern auch fluchen. Lena und ich sind dann tats\u00e4chlich endlich zum Neuro gekommen, der auch tats\u00e4chlich auf hatte. Wieder nach Hause, durchgeputzt (ich muss nicht erw\u00e4hnen, das man davon nix mehr sieht, oder?), Waschmaschine angeschmissen und da Lena nicht schlafen wollte: ab zu Schwesterchens Arbeit, in die Stadt einkaufen und Jana von der Schule abholen. Da wir mit Nassaja (jaaaaaaaa, das M\u00e4del hei\u00dft so und nicht Nessaja) und Max zur\u00fcck gelaufen sind, hab ich die Horde irgendwann zur\u00fcckgelassen und mich schnell auf den Weg nach Hause gemacht. 30 Min. sp\u00e4ter tauchte Jana dann auch endlich auf. Und kaum sa\u00dfen wir an den Hausaufgaben, klingelte auch schon das Telefon. Max, ob Jana Zeit h\u00e4tte. Tanzen also auf Freitag verschoben (Chris hat Urlaub und Jana wegen vorpubert\u00e4rem Gezicke am Samstag Opa-Freitag-Verbot) und Max zugesagt. <\/p>\n<p align=\"justify\">&#160;<\/p>\n<p align=\"justify\">Und dann kamen die beiden \u201cWo hab ich nur die Kamera\u201d-Dinge. Das erste war die Katze. Lena friedlich in ihrem Bett (arg versp\u00e4teter und verk\u00fcrzter Mittagsschlaf wegen Schnuppergarten), Max und Jana in Janas Zimmer. Ich im Wohnzimmer und h\u00f6r die Katze in der K\u00fcche w\u00fcrgen. Da hoppelt Tina doch allen Ernstes w\u00fcrgend mit letzter Kraft (ein Bild f\u00fcr die G\u00f6tter) zum Teppich im Flur vor Lenas Zimmer, um sich dort zu \u00fcbergeben. Nein, man kann nat\u00fcrlich nicht auf dem Laminat spucken, man muss sich bis zum n\u00e4chst gelegenen Teppich schleppen *schimpf*. Nachdem das erledigt war, hab ich Lena nach unten in den Schnuppergarten gebracht und als ich wieder nach oben kam und in Janas Zimmer st\u00fcrmte, um ihr eben zu sagen das ich nochmal nach unten m\u00fcsste um Lena ihre Jacke zu bringen: lag Max auf Janas Hochbett, Jana sa\u00df rittlings auf ihm drauf und die beiden fuhren auseinander, als h\u00e4tte ich sie sonst wo bei erwischt. Auch ein Bild f\u00fcr die G\u00f6tter, obwohl es mich Schlimmes f\u00fcr die n\u00e4chsten 12 Jahre ahnen l\u00e4sst :shock_tb: .<\/p>\n<p align=\"justify\">&#160;<\/p>\n<p>N\u00e4chste Woche:    <br \/><strike>&#8211; Montag: Nu aber Spritzen holen, Einkaufen, Jana holen, Lena in Schnuppergarten, Putzen zwischendrin?<\/strike>     <br \/>&#8211; Dienstag: *schulterzuck*     <br \/>&#8211; Mittwoch: *schulterzuck*, Kuchen backen     <br \/>&#8211; Donnerstag: Fr\u00fchst\u00fcck f\u00fcr Lena, Arbeiten, Geburtstag feiern \ud83d\ude42<\/p>\n<p>&#160;<\/p>\n<p align=\"center\"><a href=\"http:\/\/www.anthealein.de\/wp-content\/uploads\/2010\/10\/04102010.jpg\"><img loading=\"lazy\" decoding=\"async\" style=\"border-bottom: 0px; border-left: 0px; display: inline; border-top: 0px; border-right: 0px\" title=\"04102010\" border=\"0\" alt=\"04102010\" src=\"http:\/\/www.anthealein.de\/wp-content\/uploads\/2010\/10\/04102010_thumb.jpg\" width=\"504\" height=\"504\" \/><\/a><\/p>\n<p align=\"center\">&#160;<\/p>\n<p align=\"center\"><a href=\"http:\/\/www.anthealein.de\/wp-content\/uploads\/2010\/10\/04102010II.jpg\"><img loading=\"lazy\" decoding=\"async\" style=\"border-bottom: 0px; border-left: 0px; display: inline; border-top: 0px; border-right: 0px\" title=\"04102010II\" border=\"0\" alt=\"04102010II\" src=\"http:\/\/www.anthealein.de\/wp-content\/uploads\/2010\/10\/04102010II_thumb.jpg\" width=\"504\" height=\"504\" \/><\/a><\/p>\n","protected":false},"excerpt":{"rendered":"<p>ist eigentlich nie eine Kamera parat, wenn man eine brauchen k\u00f6nnte? Und wieso gibt es Tage, die komplett anders laufen als eigentlich geplant? Aber mal wieder von Anfang an. Der Tag fing schon gut an mit Lena, die ein neues Schimpfwort von Papa aufschnappte: \u201cF\u2026\u201d . Na prima, jetzt kann das Kind nicht nur auf [&hellip;]<\/p>\n","protected":false},"author":1,"featured_media":0,"comment_status":"open","ping_status":"open","sticky":false,"template":"","format":"standard","meta":{"footnotes":""},"categories":[3],"tags":[],"class_list":["post-2702","post","type-post","status-publish","format-standard","hentry","category-alles-mogliche"],"_links":{"self":[{"href":"http:\/\/www.anthealein.de\/index.php?rest_route=\/wp\/v2\/posts\/2702","targetHints":{"allow":["GET"]}}],"collection":[{"href":"http:\/\/www.anthealein.de\/index.php?rest_route=\/wp\/v2\/posts"}],"about":[{"href":"http:\/\/www.anthealein.de\/index.php?rest_route=\/wp\/v2\/types\/post"}],"author":[{"embeddable":true,"href":"http:\/\/www.anthealein.de\/index.php?rest_route=\/wp\/v2\/users\/1"}],"replies":[{"embeddable":true,"href":"http:\/\/www.anthealein.de\/index.php?rest_route=%2Fwp%2Fv2%2Fcomments&post=2702"}],"version-history":[{"count":0,"href":"http:\/\/www.anthealein.de\/index.php?rest_route=\/wp\/v2\/posts\/2702\/revisions"}],"wp:attachment":[{"href":"http:\/\/www.anthealein.de\/index.php?rest_route=%2Fwp%2Fv2%2Fmedia&parent=2702"}],"wp:term":[{"taxonomy":"category","embeddable":true,"href":"http:\/\/www.anthealein.de\/index.php?rest_route=%2Fwp%2Fv2%2Fcategories&post=2702"},{"taxonomy":"post_tag","embeddable":true,"href":"http:\/\/www.anthealein.de\/index.php?rest_route=%2Fwp%2Fv2%2Ftags&post=2702"}],"curies":[{"name":"wp","href":"https:\/\/api.w.org\/{rel}","templated":true}]}}