{"id":2679,"date":"2010-09-30T21:30:45","date_gmt":"2010-09-30T19:30:45","guid":{"rendered":"http:\/\/www.anthealein.de\/?p=2679"},"modified":"2010-09-30T21:30:45","modified_gmt":"2010-09-30T19:30:45","slug":"fertisch","status":"publish","type":"post","link":"http:\/\/www.anthealein.de\/?p=2679","title":{"rendered":"Fertisch :)"},"content":{"rendered":"<p align=\"justify\">Mit der Welt und der B\u00fccherei. Neeeeeee, nat\u00fcrlich nicht. Mit der B\u00fccherei sind wir zwar fertig, aber mit der Welt bin ich noch lange nicht fertig *g*. <\/p>\n<p align=\"justify\">Als ich heute morgen auf der Arbeit ankam, waren wirklich nur noch Reste zu erledigen. Buchst\u00fctzen einsammeln, ein wenig Tech und ein wenig Erd mussten noch gepackt werden und ansonsten sind wir tats\u00e4chlich fertig. Meint f\u00fcr mich morgen: weeeeeeeeeenig zu tun. Daniela macht morgen in meinem B\u00fcro ihre Titelaufnahmen, w\u00e4hrend ich oben in ihrem B\u00fcro die Fernleihe mache. Aber: daf\u00fcr brauche ich ja keine 8,5 Stunden. Mit viel Gl\u00fcck bekomme ich morgen noch ein paar CDs zum einarbeiten. Und ansonsten schau ich mal, wo ich mir Arbeit beschaffe \ud83d\ude42 . <\/p>\n<p align=\"justify\">Heute Mittag \u2013 wie gestern auch \u2013 bin ich fr\u00fcher abgehauen und hab Jana von der Schule abgeholt. Dann Lena abgeholt und Jana gleich da gelassen (2 Tage Anne ist ja auch nicht genug \ud83d\ude09 ) und nach kurzem Zwischenstopp einkaufen gefahren mit Lena und dann: eigentlich zum Neurologen. Eigentlich, weil ich mal wieder vor verschlossener T\u00fcr mit Schild (Geschlossen wegen Quartalsabschluss) stand. Die nette Mitarbeiterin der Apotheke empfahl mir, doch eben zu klingeln. Aber da wir die Tage auch schon \u00fcber jeden geschimpft haben der in die B\u00fccherei gest\u00fcrmt ist, werde ich mich h\u00fcten. Ich werde aber morgen ganz lieb in der Praxis telefonisch nachfragen, ob sie so lieb sind und mein Rezept unten in der Apotheke abgeben. Mein Arzt hat n\u00e4mlich nur bis 12 Uhr ge\u00f6ffnet, ich hab aber erst um 17 Uhr Feierabend *seufz*. <\/p>\n<p align=\"justify\">Ebba und Lena haben sich heute mal wieder nicht so gut verstanden, Ebba ist ja auch in der Hau- und Spuck-Phase angekommen, w\u00e4hrend Lena in der \u201ckeiner-darf-an-meine-Sachen\u201d-Phase steckt. T\u00f6dliche Kombination *g*. Und die letzten unruhigen N\u00e4chte haben sich heute erkl\u00e4rt. Lena ist ja eh eine kleine Quatschtante, aber heute morgen auf dem Weg zu Sanne erz\u00e4hlte sie mir halbe Romane. Das Werner immer essen w\u00fcrde und ihr auch Schokolade abgibt. Das Ebba doof w\u00e4re, weil sie haut. Das sie den rosa Pullover an hatte, als wir den toten Igel gesehen haben. Etc., etc., etc. . Nat\u00fcrlich in 3- bis 4-Wort-S\u00e4tzen, aber schon deutlich verst\u00e4ndlich was sie meint. Ich hab Sanne das dann erz\u00e4hlt und als ich Lena abholte, meinte sie ich h\u00e4tte Recht. Der Unterschied ist deutlich sp\u00fcr- und h\u00f6rbar. <\/p>\n<p align=\"center\">&#160;<\/p>\n<p align=\"center\"><a href=\"http:\/\/www.anthealein.de\/wp-content\/uploads\/2010\/09\/30082010.jpg\"><img loading=\"lazy\" decoding=\"async\" style=\"border-bottom: 0px; border-left: 0px; display: inline; border-top: 0px; border-right: 0px\" title=\"30082010\" border=\"0\" alt=\"30082010\" src=\"http:\/\/www.anthealein.de\/wp-content\/uploads\/2010\/09\/30082010_thumb.jpg\" width=\"504\" height=\"504\" \/><\/a>    <br \/>So gut wie alle B\u00fccher f\u00fcr den Notbetrieb schon ausger\u00e4umt. Hinten im Lesesaal wird der Notbetrieb stattfinden. Durch die Kinderb\u00fccherei kann man dort rein und vom Lesesaal in die Musikb\u00fccherei hinten rechts. S\u00e4mtliche T\u00fcren zur Erwachsenenb\u00fccherei werden dann geschlossen sein. <\/p>\n<p align=\"center\">&#160;<\/p>\n<p align=\"center\"><a href=\"http:\/\/www.anthealein.de\/wp-content\/uploads\/2010\/09\/30082010II.jpg\"><img loading=\"lazy\" decoding=\"async\" style=\"border-bottom: 0px; border-left: 0px; display: inline; border-top: 0px; border-right: 0px\" title=\"30082010II\" border=\"0\" alt=\"30082010II\" src=\"http:\/\/www.anthealein.de\/wp-content\/uploads\/2010\/09\/30082010II_thumb.jpg\" width=\"504\" height=\"504\" \/><\/a><\/p>\n<p align=\"center\">&#160;<\/p>\n<p align=\"center\"><a href=\"http:\/\/www.anthealein.de\/wp-content\/uploads\/2010\/09\/30082010III.jpg\"><img loading=\"lazy\" decoding=\"async\" style=\"border-bottom: 0px; border-left: 0px; display: inline; border-top: 0px; border-right: 0px\" title=\"30082010III\" border=\"0\" alt=\"30082010III\" src=\"http:\/\/www.anthealein.de\/wp-content\/uploads\/2010\/09\/30082010III_thumb.jpg\" width=\"504\" height=\"504\" \/><\/a><\/p>\n<p align=\"center\">&#160;<\/p>\n<p align=\"center\"><a href=\"http:\/\/www.anthealein.de\/wp-content\/uploads\/2010\/09\/30082010IV.jpg\"><img loading=\"lazy\" decoding=\"async\" style=\"border-bottom: 0px; border-left: 0px; display: inline; border-top: 0px; border-right: 0px\" title=\"30082010IV\" border=\"0\" alt=\"30082010IV\" src=\"http:\/\/www.anthealein.de\/wp-content\/uploads\/2010\/09\/30082010IV_thumb.jpg\" width=\"504\" height=\"504\" \/><\/a><\/p>\n","protected":false},"excerpt":{"rendered":"<p>Mit der Welt und der B\u00fccherei. Neeeeeee, nat\u00fcrlich nicht. Mit der B\u00fccherei sind wir zwar fertig, aber mit der Welt bin ich noch lange nicht fertig *g*. Als ich heute morgen auf der Arbeit ankam, waren wirklich nur noch Reste zu erledigen. Buchst\u00fctzen einsammeln, ein wenig Tech und ein wenig Erd mussten noch gepackt werden [&hellip;]<\/p>\n","protected":false},"author":1,"featured_media":0,"comment_status":"open","ping_status":"open","sticky":false,"template":"","format":"standard","meta":{"footnotes":""},"categories":[3],"tags":[],"class_list":["post-2679","post","type-post","status-publish","format-standard","hentry","category-alles-mogliche"],"_links":{"self":[{"href":"http:\/\/www.anthealein.de\/index.php?rest_route=\/wp\/v2\/posts\/2679","targetHints":{"allow":["GET"]}}],"collection":[{"href":"http:\/\/www.anthealein.de\/index.php?rest_route=\/wp\/v2\/posts"}],"about":[{"href":"http:\/\/www.anthealein.de\/index.php?rest_route=\/wp\/v2\/types\/post"}],"author":[{"embeddable":true,"href":"http:\/\/www.anthealein.de\/index.php?rest_route=\/wp\/v2\/users\/1"}],"replies":[{"embeddable":true,"href":"http:\/\/www.anthealein.de\/index.php?rest_route=%2Fwp%2Fv2%2Fcomments&post=2679"}],"version-history":[{"count":0,"href":"http:\/\/www.anthealein.de\/index.php?rest_route=\/wp\/v2\/posts\/2679\/revisions"}],"wp:attachment":[{"href":"http:\/\/www.anthealein.de\/index.php?rest_route=%2Fwp%2Fv2%2Fmedia&parent=2679"}],"wp:term":[{"taxonomy":"category","embeddable":true,"href":"http:\/\/www.anthealein.de\/index.php?rest_route=%2Fwp%2Fv2%2Fcategories&post=2679"},{"taxonomy":"post_tag","embeddable":true,"href":"http:\/\/www.anthealein.de\/index.php?rest_route=%2Fwp%2Fv2%2Ftags&post=2679"}],"curies":[{"name":"wp","href":"https:\/\/api.w.org\/{rel}","templated":true}]}}