{"id":2666,"date":"2010-09-28T20:18:19","date_gmt":"2010-09-28T19:18:19","guid":{"rendered":"http:\/\/www.anthealein.de\/?p=2666"},"modified":"2010-09-28T20:18:19","modified_gmt":"2010-09-28T19:18:19","slug":"das-unangenehme-zuerst","status":"publish","type":"post","link":"http:\/\/www.anthealein.de\/?p=2666","title":{"rendered":"Das Unangenehme zuerst&hellip;"},"content":{"rendered":"<p align=\"justify\">\u2026 war heute f\u00fcr Andrea und mich das Motto. 8 Uhr standen wir alle brav auf der Matte, mehr oder weniger hochmotiviert *g*. Gegen 8.30 Uhr gingen Daniela und ich erst mal eine rauchen und dabei erw\u00e4hnte sie, wie schmutzig die aus dem Keller hochgeholten \u00dcbergangsregale w\u00e4ren. Also schnappte ich mir einen Eimer und fing an zu putzen. W\u00e4hrend unserer Fr\u00fchst\u00fcckspause machte Simone weiter und um 9.30 Uhr trafen wir uns alle in der B\u00fccherei. Eigentlich sollte ich mit\/f\u00fcr Herrn K\u00fchn arbeiten, da Helene aber noch beim Arzt war, zogen Andrea und ich zusammen los und nahmen uns gleich das Schlimmste f\u00fcr den Anfang vor: Philosophie. Seit ein paar Wochen auf die Fensterb\u00e4nke ausgewandert wegen Bauarbeiten und damit ein Bereich mit Grabbeltischmentalit\u00e4t. Wir haben dann fr\u00f6hliches B\u00fcchersuchen gespielt und bis auf 2 Titel haben wir tats\u00e4chlich alle B\u00fccher zusammen gesucht. Mit Geschichte ging es dann bis zu meinem Feierabend weiter und dann mal sehen, wie weit wir morgen fr\u00fch sind. Geht jedenfalls deutlich schneller als erwartet, was mir richtig gut gef\u00e4llt weil ich Samstag gerne Urlaub h\u00e4tte. <\/p>\n<p align=\"justify\">Nach der Arbeit hab ich dann Lena geholt und kaum waren wir zu Hause und haben fix alles n\u00f6tige gemacht, da stand auch schon Anne vor der T\u00fcr. Die M\u00e4dels haben gespielt, Lena war quakig (Schlafmangel l\u00e4sst gr\u00fc\u00dfen). Chris musste um 15.30 Uhr zur Klassenkonferenz und hatte sich deshalb fr\u00fcher freigenommen. Als er dann endlich da war, haben wir kurzentschlossen die Kinder eingepackt und sind zum Mc gefahren. Hinterher noch Anne zu Hause abgesetzt und schon war der Tag wieder vorbei *g*. <\/p>\n<p align=\"justify\">&#160;<\/p>\n<p align=\"justify\">Diese Woche:   <br \/>&#8211; Mittwoch: Arbeiten, Gro\u00dfeinkauf!!!    <br \/>&#8211; Donnerstag: Arbeiten, Spritzen holen, Melanie + Ebba    <br \/>&#8211; Freitag: Arbeiten<\/p>\n<p align=\"justify\">&#160;<\/p>\n<p align=\"center\"><a href=\"http:\/\/www.anthealein.de\/wp-content\/uploads\/2010\/09\/28092010.jpg\"><img loading=\"lazy\" decoding=\"async\" style=\"border-bottom: 0px; border-left: 0px; display: inline; border-top: 0px; border-right: 0px\" title=\"28092010\" border=\"0\" alt=\"28092010\" src=\"http:\/\/www.anthealein.de\/wp-content\/uploads\/2010\/09\/28092010_thumb.jpg\" width=\"504\" height=\"504\" \/><\/a><\/p>\n","protected":false},"excerpt":{"rendered":"<p>\u2026 war heute f\u00fcr Andrea und mich das Motto. 8 Uhr standen wir alle brav auf der Matte, mehr oder weniger hochmotiviert *g*. Gegen 8.30 Uhr gingen Daniela und ich erst mal eine rauchen und dabei erw\u00e4hnte sie, wie schmutzig die aus dem Keller hochgeholten \u00dcbergangsregale w\u00e4ren. Also schnappte ich mir einen Eimer und fing [&hellip;]<\/p>\n","protected":false},"author":1,"featured_media":0,"comment_status":"open","ping_status":"open","sticky":false,"template":"","format":"standard","meta":{"footnotes":""},"categories":[3],"tags":[],"class_list":["post-2666","post","type-post","status-publish","format-standard","hentry","category-alles-mogliche"],"_links":{"self":[{"href":"http:\/\/www.anthealein.de\/index.php?rest_route=\/wp\/v2\/posts\/2666","targetHints":{"allow":["GET"]}}],"collection":[{"href":"http:\/\/www.anthealein.de\/index.php?rest_route=\/wp\/v2\/posts"}],"about":[{"href":"http:\/\/www.anthealein.de\/index.php?rest_route=\/wp\/v2\/types\/post"}],"author":[{"embeddable":true,"href":"http:\/\/www.anthealein.de\/index.php?rest_route=\/wp\/v2\/users\/1"}],"replies":[{"embeddable":true,"href":"http:\/\/www.anthealein.de\/index.php?rest_route=%2Fwp%2Fv2%2Fcomments&post=2666"}],"version-history":[{"count":0,"href":"http:\/\/www.anthealein.de\/index.php?rest_route=\/wp\/v2\/posts\/2666\/revisions"}],"wp:attachment":[{"href":"http:\/\/www.anthealein.de\/index.php?rest_route=%2Fwp%2Fv2%2Fmedia&parent=2666"}],"wp:term":[{"taxonomy":"category","embeddable":true,"href":"http:\/\/www.anthealein.de\/index.php?rest_route=%2Fwp%2Fv2%2Fcategories&post=2666"},{"taxonomy":"post_tag","embeddable":true,"href":"http:\/\/www.anthealein.de\/index.php?rest_route=%2Fwp%2Fv2%2Ftags&post=2666"}],"curies":[{"name":"wp","href":"https:\/\/api.w.org\/{rel}","templated":true}]}}