{"id":2648,"date":"2010-09-25T19:59:35","date_gmt":"2010-09-25T18:59:35","guid":{"rendered":"http:\/\/www.anthealein.de\/?p=2648"},"modified":"2010-09-25T19:59:35","modified_gmt":"2010-09-25T18:59:35","slug":"nu-geht-es-los","status":"publish","type":"post","link":"http:\/\/www.anthealein.de\/?p=2648","title":{"rendered":"Nu geht es los"},"content":{"rendered":"<p align=\"justify\">Heute war der erst mal letzte \u00d6ffnungstag, am Dienstag fangen wir an die B\u00fccher auszusortieren. Knapp 14 000 B\u00fccher wollen n\u00e4chste Woche aus den Regalen gezogen und im Lesesaal untergebracht werden. Ich wei\u00df nicht, WIE oft ich das heute den Benutzern erkl\u00e4rt habe, die mich ganz lieb \u201cUnd sie m\u00fcssen dann Urlaub nehmen\u201d fragten. Fernleihtechnisch werd ich \u2013 glaub ich \u2013 besser. Heute einen Passivaus- und einen Passiveingang bearbeitet in nicht mal 20 min. *freu*. <\/p>\n<p align=\"justify\">Chris hat derweil den Vormittag bei Werner verbracht, dann den Einkauf gemacht und mich v\u00f6llig genervt am Telefon gefragt wieso er \u00fcberhaupt gesaugt h\u00e4tte, Lena und Tina w\u00fcrden ja eh sofort wieder Dreck machen (ach neeeeeeeeeee *fg*). <\/p>\n<p align=\"justify\">Jana war heute mit Oma und Opa beim Prinzessinnentag in der Tanzschule und als ich um kurz nach 17 Uhr zu Hause ankam, waren alle schon wieder da und Chris am kochen. Wir haben dann gegessen, nach einiger Zeit ist Jana mit Opa und Oma wieder aufgebrochen und nu hat Nico sich noch f\u00fcr gleich angek\u00fcndigt. <\/p>\n<p align=\"justify\">Morgen fr\u00fch geht es dann nach Sillenstede \ud83d\ude42 . <\/p>\n<p>Diese Woche:    <br \/><strike>&#8211; Montag: Haushalt, ausgemistete Babysachen zur VHS-Kollegin karren (ich hoffe, die ist morgen da), Einkaufen, Jana zum Tanzen, Lena in den Schnuppergarten      <br \/>&#8211; Dienstag: Arbeiten, in die Stadt laufen&#160; <br \/>&#8211; Mittwoch: Arbeiten, Anne<\/strike>     <br \/><strike>&#8211; Donnerstag: Arbeiten, Melanie + Anh\u00e4nge<\/strike>&#160; <br \/><strike>&#8211; Freitag: Arbeiten \ud83d\ude09<\/strike>     <br \/><strike>&#8211; Samstag: Dito, Schwies udn Jana, Nico<\/strike>&#160; <br \/>&#8211; Sonntag: Bei Schwies essen *freu*<\/p>\n<p>&#160;<\/p>\n<p align=\"center\"><a href=\"http:\/\/www.anthealein.de\/wp-content\/uploads\/2010\/09\/25092010.jpg\"><img loading=\"lazy\" decoding=\"async\" style=\"border-bottom: 0px; border-left: 0px; display: inline; border-top: 0px; border-right: 0px\" title=\"25092010\" border=\"0\" alt=\"25092010\" src=\"http:\/\/www.anthealein.de\/wp-content\/uploads\/2010\/09\/25092010_thumb.jpg\" width=\"504\" height=\"504\" \/><\/a>    <br \/>Jana noch bei Opa<\/p>\n<p align=\"center\">&#160;<\/p>\n<p align=\"center\"><a href=\"http:\/\/www.anthealein.de\/wp-content\/uploads\/2010\/09\/25092010II.jpg\"><img loading=\"lazy\" decoding=\"async\" style=\"border-bottom: 0px; border-left: 0px; display: inline; border-top: 0px; border-right: 0px\" title=\"25092010II\" border=\"0\" alt=\"25092010II\" src=\"http:\/\/www.anthealein.de\/wp-content\/uploads\/2010\/09\/25092010II_thumb.jpg\" width=\"504\" height=\"504\" \/><\/a>    <br \/>In der Tanzschule<\/p>\n<p align=\"center\">&#160;<\/p>\n<p align=\"center\"><a href=\"http:\/\/www.anthealein.de\/wp-content\/uploads\/2010\/09\/25092010III.jpg\"><img loading=\"lazy\" decoding=\"async\" style=\"border-bottom: 0px; border-left: 0px; display: inline; border-top: 0px; border-right: 0px\" title=\"25092010III\" border=\"0\" alt=\"25092010III\" src=\"http:\/\/www.anthealein.de\/wp-content\/uploads\/2010\/09\/25092010III_thumb.jpg\" width=\"504\" height=\"504\" \/><\/a>    <br \/>Zicke *g*<\/p>\n<p align=\"center\">&#160;<\/p>\n<p align=\"center\"><a href=\"http:\/\/www.anthealein.de\/wp-content\/uploads\/2010\/09\/25092010IV.jpg\"><img loading=\"lazy\" decoding=\"async\" style=\"border-bottom: 0px; border-left: 0px; display: inline; border-top: 0px; border-right: 0px\" title=\"25092010IV\" border=\"0\" alt=\"25092010IV\" src=\"http:\/\/www.anthealein.de\/wp-content\/uploads\/2010\/09\/25092010IV_thumb.jpg\" width=\"504\" height=\"504\" \/><\/a>    <br \/>Albern\u2026<\/p>\n<p align=\"center\">&#160;<\/p>\n<p align=\"center\"><a href=\"http:\/\/www.anthealein.de\/wp-content\/uploads\/2010\/09\/25092010V.jpg\"><img loading=\"lazy\" decoding=\"async\" style=\"border-bottom: 0px; border-left: 0px; display: inline; border-top: 0px; border-right: 0px\" title=\"25092010V\" border=\"0\" alt=\"25092010V\" src=\"http:\/\/www.anthealein.de\/wp-content\/uploads\/2010\/09\/25092010V_thumb.jpg\" width=\"504\" height=\"504\" \/><\/a>    <br \/>:herz:<\/p>\n","protected":false},"excerpt":{"rendered":"<p>Heute war der erst mal letzte \u00d6ffnungstag, am Dienstag fangen wir an die B\u00fccher auszusortieren. Knapp 14 000 B\u00fccher wollen n\u00e4chste Woche aus den Regalen gezogen und im Lesesaal untergebracht werden. Ich wei\u00df nicht, WIE oft ich das heute den Benutzern erkl\u00e4rt habe, die mich ganz lieb \u201cUnd sie m\u00fcssen dann Urlaub nehmen\u201d fragten. Fernleihtechnisch [&hellip;]<\/p>\n","protected":false},"author":1,"featured_media":0,"comment_status":"open","ping_status":"open","sticky":false,"template":"","format":"standard","meta":{"footnotes":""},"categories":[3],"tags":[],"class_list":["post-2648","post","type-post","status-publish","format-standard","hentry","category-alles-mogliche"],"_links":{"self":[{"href":"http:\/\/www.anthealein.de\/index.php?rest_route=\/wp\/v2\/posts\/2648","targetHints":{"allow":["GET"]}}],"collection":[{"href":"http:\/\/www.anthealein.de\/index.php?rest_route=\/wp\/v2\/posts"}],"about":[{"href":"http:\/\/www.anthealein.de\/index.php?rest_route=\/wp\/v2\/types\/post"}],"author":[{"embeddable":true,"href":"http:\/\/www.anthealein.de\/index.php?rest_route=\/wp\/v2\/users\/1"}],"replies":[{"embeddable":true,"href":"http:\/\/www.anthealein.de\/index.php?rest_route=%2Fwp%2Fv2%2Fcomments&post=2648"}],"version-history":[{"count":0,"href":"http:\/\/www.anthealein.de\/index.php?rest_route=\/wp\/v2\/posts\/2648\/revisions"}],"wp:attachment":[{"href":"http:\/\/www.anthealein.de\/index.php?rest_route=%2Fwp%2Fv2%2Fmedia&parent=2648"}],"wp:term":[{"taxonomy":"category","embeddable":true,"href":"http:\/\/www.anthealein.de\/index.php?rest_route=%2Fwp%2Fv2%2Fcategories&post=2648"},{"taxonomy":"post_tag","embeddable":true,"href":"http:\/\/www.anthealein.de\/index.php?rest_route=%2Fwp%2Fv2%2Ftags&post=2648"}],"curies":[{"name":"wp","href":"https:\/\/api.w.org\/{rel}","templated":true}]}}